{"id":26589,"date":"2015-07-14T14:45:54","date_gmt":"2015-07-14T11:45:54","guid":{"rendered":"http:\/\/sana.sy\/es\/?p=26589"},"modified":"2015-07-14T14:45:54","modified_gmt":"2015-07-14T11:45:54","slug":"putin-elogia-conclusion-de-dialogos-entre-iran-y-el-grupo-51","status":"publish","type":"post","link":"https:\/\/archive.sana.sy\/es\/?p=26589","title":{"rendered":"Putin elogia conclusi\u00f3n de di\u00e1logos entre Ir\u00e1n y el Grupo 5+1"},"content":{"rendered":"<div><span lang=\"ES-TRAD\" style=\"color: #ff0000\">Mosc\u00fa, SANA<\/span><\/div>\n<div><\/div>\n<div><span lang=\"ES-TRAD\">El presidente de Rusia, Vladimir Putin, elogi\u00f3 este martes el fin de las conversaciones entre Ir\u00e1n y el Grupo 5+1 sobre el programa nuclear iran\u00ed.<\/span><\/div>\n<div><\/div>\n<div><span lang=\"ES-TRAD\">Putin asegur\u00f3 que Rusia har\u00e1 los m\u00e1ximos esfuerzos con el fin de que el acuerdo nuclear con Ir\u00e1n contribuya a la formaci\u00f3n de una amplia coalici\u00f3n para luchar contra el terrorismo.<\/span><\/div>\n<div><\/div>\n<div><span style=\"color: #00ccff\">Fady M., Hala B.<\/span><\/div>\n<div class=\"yj6qo ajU\">\n<div id=\":126\" class=\"ajR\"><img decoding=\"async\" class=\"ajT\" src=\"https:\/\/ssl.gstatic.com\/ui\/v1\/icons\/mail\/images\/cleardot.gif\" alt=\"\" \/><\/div>\n<\/div>\n","protected":false},"excerpt":{"rendered":"<p>Mosc\u00fa, SANA El presidente de Rusia, Vladimir Putin, elogi\u00f3 este martes el fin de las conversaciones entre Ir\u00e1n y el Grupo 5+1 sobre el programa nuclear iran\u00ed. Putin asegur\u00f3 que Rusia har\u00e1 los m\u00e1ximos esfuerzos con el fin de que el acuerdo nuclear con Ir\u00e1n contribuya a la formaci\u00f3n de una amplia coalici\u00f3n para luchar &hellip;<\/p>\n","protected":false},"author":1,"featured_media":26590,"comment_status":"closed","ping_status":"closed","sticky":false,"template":"","format":"standard","meta":{"footnotes":""},"categories":[597,456],"tags":[5978],"class_list":["post-26589","post","type-post","status-publish","format-standard","has-post-thumbnail","","category-cinta-de-noticias","category-arabe-internacional-politica","tag-putin-elogia-conclusion-de-dialogos-entre-iran-y-el-grupo-51"],"_links":{"self":[{"href":"https:\/\/archive.sana.sy\/es\/index.php?rest_route=\/wp\/v2\/posts\/26589"}],"collection":[{"href":"https:\/\/archive.sana.sy\/es\/index.php?rest_route=\/wp\/v2\/posts"}],"about":[{"href":"https:\/\/archive.sana.sy\/es\/index.php?rest_route=\/wp\/v2\/types\/post"}],"author":[{"embeddable":true,"href":"https:\/\/archive.sana.sy\/es\/index.php?rest_route=\/wp\/v2\/users\/1"}],"replies":[{"embeddable":true,"href":"https:\/\/archive.sana.sy\/es\/index.php?rest_route=%2Fwp%2Fv2%2Fcomments&post=26589"}],"version-history":[{"count":0,"href":"https:\/\/archive.sana.sy\/es\/index.php?rest_route=\/wp\/v2\/posts\/26589\/revisions"}],"wp:featuredmedia":[{"embeddable":true,"href":"https:\/\/archive.sana.sy\/es\/index.php?rest_route=\/wp\/v2\/media\/26590"}],"wp:attachment":[{"href":"https:\/\/archive.sana.sy\/es\/index.php?rest_route=%2Fwp%2Fv2%2Fmedia&parent=26589"}],"wp:term":[{"taxonomy":"category","embeddable":true,"href":"https:\/\/archive.sana.sy\/es\/index.php?rest_route=%2Fwp%2Fv2%2Fcategories&post=26589"},{"taxonomy":"post_tag","embeddable":true,"href":"https:\/\/archive.sana.sy\/es\/index.php?rest_route=%2Fwp%2Fv2%2Ftags&post=26589"}],"curies":[{"name":"wp","href":"https:\/\/api.w.org\/{rel}","templated":true}]}}