{"id":265892,"date":"2022-12-13T12:06:36","date_gmt":"2022-12-13T10:06:36","guid":{"rendered":"http:\/\/107.6.182.27\/es\/?p=265892"},"modified":"2023-01-10T15:49:02","modified_gmt":"2023-01-10T13:49:02","slug":"registran-aumento-en-el-deficit-presupuestario-en-eeuu-en-noviembre","status":"publish","type":"post","link":"https:\/\/archive.sana.sy\/es\/?p=265892","title":{"rendered":"Registran aumento en el d\u00e9ficit presupuestario en EEUU en noviembre"},"content":{"rendered":"<p style=\"text-align: justify;\"><span style=\"color: #800000;\"><strong>Washington, 13 dic (SANA)\u00a0<\/strong> <\/span>\u00a0El d\u00e9ficit presupuestario en EE.UU. durante el mes de noviembre aument\u00f3 en 57 mil millones de d\u00f3lares o un 30% respecto al a\u00f1o anterior y as\u00ed assciente a 249 mil millones durante los primero 11 meses del 2022.<\/p>\n<p style=\"text-align: justify;\">Reuters cit\u00f3 a un funcionario del Tesoro de EE.UU. diciendo que \u201clos ingresos cayeron y los gastos en educaci\u00f3n, atenci\u00f3n m\u00e9dica e intereses sobre la deuda p\u00fablica aumentaron bruscamente, mientras que los ingresos de noviembre cayeron un 10% o 29 mil millones respecto al a\u00f1o anterior.<\/p>\n<p style=\"text-align: justify;\">ed\/fm<\/p>\n","protected":false},"excerpt":{"rendered":"<p>Washington, 13 dic (SANA)\u00a0 \u00a0El d\u00e9ficit presupuestario en EE.UU. durante el mes de noviembre aument\u00f3 en 57 mil millones de d\u00f3lares o un 30% respecto al a\u00f1o anterior y as\u00ed assciente a 249 mil millones durante los primero 11 meses del 2022. Reuters cit\u00f3 a un funcionario del Tesoro de EE.UU. diciendo que \u201clos ingresos &hellip;<\/p>\n","protected":false},"author":32,"featured_media":265893,"comment_status":"closed","ping_status":"closed","sticky":false,"template":"","format":"standard","meta":{"footnotes":""},"categories":[597,456],"tags":[],"class_list":["post-265892","post","type-post","status-publish","format-standard","has-post-thumbnail","","category-cinta-de-noticias","category-arabe-internacional-politica"],"_links":{"self":[{"href":"https:\/\/archive.sana.sy\/es\/index.php?rest_route=\/wp\/v2\/posts\/265892"}],"collection":[{"href":"https:\/\/archive.sana.sy\/es\/index.php?rest_route=\/wp\/v2\/posts"}],"about":[{"href":"https:\/\/archive.sana.sy\/es\/index.php?rest_route=\/wp\/v2\/types\/post"}],"author":[{"embeddable":true,"href":"https:\/\/archive.sana.sy\/es\/index.php?rest_route=\/wp\/v2\/users\/32"}],"replies":[{"embeddable":true,"href":"https:\/\/archive.sana.sy\/es\/index.php?rest_route=%2Fwp%2Fv2%2Fcomments&post=265892"}],"version-history":[{"count":0,"href":"https:\/\/archive.sana.sy\/es\/index.php?rest_route=\/wp\/v2\/posts\/265892\/revisions"}],"wp:featuredmedia":[{"embeddable":true,"href":"https:\/\/archive.sana.sy\/es\/index.php?rest_route=\/wp\/v2\/media\/265893"}],"wp:attachment":[{"href":"https:\/\/archive.sana.sy\/es\/index.php?rest_route=%2Fwp%2Fv2%2Fmedia&parent=265892"}],"wp:term":[{"taxonomy":"category","embeddable":true,"href":"https:\/\/archive.sana.sy\/es\/index.php?rest_route=%2Fwp%2Fv2%2Fcategories&post=265892"},{"taxonomy":"post_tag","embeddable":true,"href":"https:\/\/archive.sana.sy\/es\/index.php?rest_route=%2Fwp%2Fv2%2Ftags&post=265892"}],"curies":[{"name":"wp","href":"https:\/\/api.w.org\/{rel}","templated":true}]}}