{"id":265899,"date":"2022-12-13T13:29:53","date_gmt":"2022-12-13T11:29:53","guid":{"rendered":"http:\/\/107.6.182.27\/es\/?p=265899"},"modified":"2023-01-10T15:49:01","modified_gmt":"2023-01-10T13:49:01","slug":"pekin-eeuu-no-esta-en-condiciones-de-actuar-como-gendarme-mundial","status":"publish","type":"post","link":"https:\/\/archive.sana.sy\/es\/?p=265899","title":{"rendered":"Pek\u00edn. EEUU no est\u00e1 en condiciones de actuar como &#8216;gendarme mundial&#8217;"},"content":{"rendered":"<p style=\"text-align: justify;\"><span style=\"color: #800000;\"><strong>Pek\u00edn, 13 dic (SANA) <\/strong><\/span>El vocero del Ministerio de Exteriores chino, Wang Wenbin, dijo hoy que las sanciones de EE.UU. impuestas contra Pek\u00edn bajo el pretexto de la situaci\u00f3n de los derechos humanos en el T\u00edbet son ilegales.<\/p>\n<p style=\"text-align: justify;\">&#8220;Estas sanciones constituyen una injerencia en los asuntos internos de China, violan descaradamente las reglas b\u00e1sicas de las relaciones internacionales y socavan gravemente las relaciones chino-estadounidenses&#8221;, afirm\u00f3 Wang citado por RT.<\/p>\n<p style=\"text-align: justify;\">&#8220;EE.UU. no tiene derecho a imponer sanciones injustificadas contra otros pa\u00edses y no est\u00e1 en condiciones de actuar como &#8216;gendarme mundial'&#8221;, agreg\u00f3.<\/p>\n<p style=\"text-align: justify;\">fm\/as<\/p>\n","protected":false},"excerpt":{"rendered":"<p>Pek\u00edn, 13 dic (SANA) El vocero del Ministerio de Exteriores chino, Wang Wenbin, dijo hoy que las sanciones de EE.UU. impuestas contra Pek\u00edn bajo el pretexto de la situaci\u00f3n de los derechos humanos en el T\u00edbet son ilegales. &#8220;Estas sanciones constituyen una injerencia en los asuntos internos de China, violan descaradamente las reglas b\u00e1sicas de &hellip;<\/p>\n","protected":false},"author":42,"featured_media":265900,"comment_status":"closed","ping_status":"closed","sticky":false,"template":"","format":"standard","meta":{"footnotes":""},"categories":[597,456,20724,7541],"tags":[],"class_list":["post-265899","post","type-post","status-publish","format-standard","has-post-thumbnail","","category-cinta-de-noticias","category-arabe-internacional-politica","category-minuto-a-minuto","category-ultimas-noticias"],"_links":{"self":[{"href":"https:\/\/archive.sana.sy\/es\/index.php?rest_route=\/wp\/v2\/posts\/265899"}],"collection":[{"href":"https:\/\/archive.sana.sy\/es\/index.php?rest_route=\/wp\/v2\/posts"}],"about":[{"href":"https:\/\/archive.sana.sy\/es\/index.php?rest_route=\/wp\/v2\/types\/post"}],"author":[{"embeddable":true,"href":"https:\/\/archive.sana.sy\/es\/index.php?rest_route=\/wp\/v2\/users\/42"}],"replies":[{"embeddable":true,"href":"https:\/\/archive.sana.sy\/es\/index.php?rest_route=%2Fwp%2Fv2%2Fcomments&post=265899"}],"version-history":[{"count":0,"href":"https:\/\/archive.sana.sy\/es\/index.php?rest_route=\/wp\/v2\/posts\/265899\/revisions"}],"wp:featuredmedia":[{"embeddable":true,"href":"https:\/\/archive.sana.sy\/es\/index.php?rest_route=\/wp\/v2\/media\/265900"}],"wp:attachment":[{"href":"https:\/\/archive.sana.sy\/es\/index.php?rest_route=%2Fwp%2Fv2%2Fmedia&parent=265899"}],"wp:term":[{"taxonomy":"category","embeddable":true,"href":"https:\/\/archive.sana.sy\/es\/index.php?rest_route=%2Fwp%2Fv2%2Fcategories&post=265899"},{"taxonomy":"post_tag","embeddable":true,"href":"https:\/\/archive.sana.sy\/es\/index.php?rest_route=%2Fwp%2Fv2%2Ftags&post=265899"}],"curies":[{"name":"wp","href":"https:\/\/api.w.org\/{rel}","templated":true}]}}