{"id":266030,"date":"2022-12-14T11:09:16","date_gmt":"2022-12-14T09:09:16","guid":{"rendered":"http:\/\/107.6.182.27\/es\/?p=266030"},"modified":"2022-12-14T11:09:16","modified_gmt":"2022-12-14T09:09:16","slug":"presidente-serbio-espera-que-siria-recupere-su-clave-rol-regional-e-internacional","status":"publish","type":"post","link":"https:\/\/archive.sana.sy\/es\/?p=266030","title":{"rendered":"Presidente serbio espera que Siria recupere su clave rol regional e internacional"},"content":{"rendered":"<blockquote>\n<p style=\"text-align: justify;\"><strong>\u00a0El presidente serbio, Aleksandar Vu\u010di\u0107, subray\u00f3 la necesidad de respetar la soberan\u00eda e integraci\u00f3n territorial de Siria, y expres\u00f3 la esperanza de que Siria supere las dificultades que atraviesa e inicie el camino de la recuperaci\u00f3n y la prosperidad.<\/strong><\/p>\n<\/blockquote>\n<p style=\"text-align: justify;\"><span style=\"color: #800000;\"><strong>Belgrado, 14 dic (SANA)\u00a0<\/strong> <\/span>\u00a0 \u00a0El presidente serbio, Aleksandar Vu\u010di\u0107, subray\u00f3 la necesidad de respetar la soberan\u00eda e integraci\u00f3n territorial de Siria, y expres\u00f3 la esperanza de que Siria supere las dificultades que atraviesa e inicie el camino de la recuperaci\u00f3n y la prosperidad.<\/p>\n<p style=\"text-align: justify;\">Las declaraciones del mandatario se produjeron al aceptar las credenciales de Bassem Jamaan Agha como embajador extraordinario y plenipotenciario de la Rep\u00fablica \u00c1rabe Siria en la Rep\u00fablica de Serbia.<\/p>\n<p style=\"text-align: justify;\">Vu\u010di\u0107 dese\u00f3 que la cooperaci\u00f3n entre los dos pa\u00edses y pueblos amigos gane impulso a trav\u00e9s del nombramiento de embajadores.<br \/>\nAfirm\u00f3 que las relaciones entre los dos pa\u00edses se basan en el respeto mutuo y la amistad que se remonta a la \u00e9poca de la antigua rep\u00fablica de Yugoslavia, y se\u00f1al\u00f3 que existen amplias perspectivas para fortalecer las relaciones bilaterales en todos los campos.<\/p>\n<p style=\"text-align: justify;\">Agradeci\u00f3 a Siria por su apoyo continuo y firme a la soberan\u00eda e integridad territorial de Serbia, y expres\u00f3 su gran respeto por la civilizaci\u00f3n y el pueblo sirio.<\/p>\n<p style=\"text-align: justify;\">Dese\u00f3 que Siria vuelva lo antes posible a ejercer su papel clave en la regi\u00f3n y el mundo, y envi\u00f3 sus c\u00e1lidos saludos al presidente Bashar al-Assad.<\/p>\n<p style=\"text-align: justify;\">A su vez, el embajador Jamaan Agha transmiti\u00f3 al Presidente Vu\u010di\u0107 los saludos del Presidente al-Assad y al amigo pueblo serbio y sus deseos de mayor desarrollo y prosperidad para Serbia.<\/p>\n<p style=\"text-align: justify;\">ed\/fm<\/p>\n","protected":false},"excerpt":{"rendered":"<p>\u00a0El presidente serbio, Aleksandar Vu\u010di\u0107, subray\u00f3 la necesidad de respetar la soberan\u00eda e integraci\u00f3n territorial de Siria, y expres\u00f3 la esperanza de que Siria supere las dificultades que atraviesa e inicie el camino de la recuperaci\u00f3n y la prosperidad. Belgrado, 14 dic (SANA)\u00a0 \u00a0 \u00a0El presidente serbio, Aleksandar Vu\u010di\u0107, subray\u00f3 la necesidad de respetar la &hellip;<\/p>\n","protected":false},"author":32,"featured_media":266031,"comment_status":"closed","ping_status":"closed","sticky":false,"template":"","format":"standard","meta":{"footnotes":""},"categories":[597,20724,467,7541],"tags":[21649,19670,21648],"class_list":["post-266030","post","type-post","status-publish","format-standard","has-post-thumbnail","","category-cinta-de-noticias","category-minuto-a-minuto","category-siria-y-el-mundo","category-ultimas-noticias","tag-bassem-jamaan-agha","tag-belgrado","tag-vucic"],"_links":{"self":[{"href":"https:\/\/archive.sana.sy\/es\/index.php?rest_route=\/wp\/v2\/posts\/266030"}],"collection":[{"href":"https:\/\/archive.sana.sy\/es\/index.php?rest_route=\/wp\/v2\/posts"}],"about":[{"href":"https:\/\/archive.sana.sy\/es\/index.php?rest_route=\/wp\/v2\/types\/post"}],"author":[{"embeddable":true,"href":"https:\/\/archive.sana.sy\/es\/index.php?rest_route=\/wp\/v2\/users\/32"}],"replies":[{"embeddable":true,"href":"https:\/\/archive.sana.sy\/es\/index.php?rest_route=%2Fwp%2Fv2%2Fcomments&post=266030"}],"version-history":[{"count":0,"href":"https:\/\/archive.sana.sy\/es\/index.php?rest_route=\/wp\/v2\/posts\/266030\/revisions"}],"wp:featuredmedia":[{"embeddable":true,"href":"https:\/\/archive.sana.sy\/es\/index.php?rest_route=\/wp\/v2\/media\/266031"}],"wp:attachment":[{"href":"https:\/\/archive.sana.sy\/es\/index.php?rest_route=%2Fwp%2Fv2%2Fmedia&parent=266030"}],"wp:term":[{"taxonomy":"category","embeddable":true,"href":"https:\/\/archive.sana.sy\/es\/index.php?rest_route=%2Fwp%2Fv2%2Fcategories&post=266030"},{"taxonomy":"post_tag","embeddable":true,"href":"https:\/\/archive.sana.sy\/es\/index.php?rest_route=%2Fwp%2Fv2%2Ftags&post=266030"}],"curies":[{"name":"wp","href":"https:\/\/api.w.org\/{rel}","templated":true}]}}