{"id":266048,"date":"2022-12-14T13:45:39","date_gmt":"2022-12-14T11:45:39","guid":{"rendered":"http:\/\/107.6.182.27\/es\/?p=266048"},"modified":"2023-01-10T15:48:59","modified_gmt":"2023-01-10T13:48:59","slug":"fuerzas-de-ocupacion-israelies-demuelen-una-casa-en-cisjordania","status":"publish","type":"post","link":"https:\/\/archive.sana.sy\/es\/?p=266048","title":{"rendered":"Fuerzas de ocupaci\u00f3n israel\u00edes demuelen una casa en Cisjordania"},"content":{"rendered":"<blockquote>\n<p style=\"text-align: justify;\"><span style=\"color: #000000;\"><em><strong>El ocupante israel\u00ed impide que los palestinos construyan en su poblado y ejerce presiones sobre los agricultores para apoderarse de sus tierras y desplazarlos.<\/strong><\/em><\/span><\/p>\n<\/blockquote>\n<p style=\"text-align: justify;\"><span style=\"color: #800000;\"><strong>Jerusal\u00e9n ocupada,14 dic (SANA) <\/strong><\/span>El ocupante israel\u00ed demoli\u00f3 una casa en la localidad de Husan, al oeste de Bel\u00e9n, en Cisjordania.<\/p>\n<p style=\"text-align: justify;\">Citado por la agencia de noticias Wafa, el alcalde de la referida aldea, Muhammad Sabatin, dijo que los militares sionistas allanaron en el \u00e1rea de Ain al-Balad donde destruyeron la vivienda.<\/p>\n<p style=\"text-align: justify;\">El ocupante israel\u00ed impide que los palestinos construyan en su poblado y ejerce presiones sobre los agricultores para apoderarse de sus tierras y desplazarlos.<\/p>\n<p style=\"text-align: justify;\">FM\/AS<\/p>\n","protected":false},"excerpt":{"rendered":"<p>El ocupante israel\u00ed impide que los palestinos construyan en su poblado y ejerce presiones sobre los agricultores para apoderarse de sus tierras y desplazarlos. Jerusal\u00e9n ocupada,14 dic (SANA) El ocupante israel\u00ed demoli\u00f3 una casa en la localidad de Husan, al oeste de Bel\u00e9n, en Cisjordania. Citado por la agencia de noticias Wafa, el alcalde de &hellip;<\/p>\n","protected":false},"author":42,"featured_media":266049,"comment_status":"closed","ping_status":"closed","sticky":false,"template":"","format":"standard","meta":{"footnotes":""},"categories":[597,456,20724],"tags":[],"class_list":["post-266048","post","type-post","status-publish","format-standard","has-post-thumbnail","","category-cinta-de-noticias","category-arabe-internacional-politica","category-minuto-a-minuto"],"_links":{"self":[{"href":"https:\/\/archive.sana.sy\/es\/index.php?rest_route=\/wp\/v2\/posts\/266048"}],"collection":[{"href":"https:\/\/archive.sana.sy\/es\/index.php?rest_route=\/wp\/v2\/posts"}],"about":[{"href":"https:\/\/archive.sana.sy\/es\/index.php?rest_route=\/wp\/v2\/types\/post"}],"author":[{"embeddable":true,"href":"https:\/\/archive.sana.sy\/es\/index.php?rest_route=\/wp\/v2\/users\/42"}],"replies":[{"embeddable":true,"href":"https:\/\/archive.sana.sy\/es\/index.php?rest_route=%2Fwp%2Fv2%2Fcomments&post=266048"}],"version-history":[{"count":0,"href":"https:\/\/archive.sana.sy\/es\/index.php?rest_route=\/wp\/v2\/posts\/266048\/revisions"}],"wp:featuredmedia":[{"embeddable":true,"href":"https:\/\/archive.sana.sy\/es\/index.php?rest_route=\/wp\/v2\/media\/266049"}],"wp:attachment":[{"href":"https:\/\/archive.sana.sy\/es\/index.php?rest_route=%2Fwp%2Fv2%2Fmedia&parent=266048"}],"wp:term":[{"taxonomy":"category","embeddable":true,"href":"https:\/\/archive.sana.sy\/es\/index.php?rest_route=%2Fwp%2Fv2%2Fcategories&post=266048"},{"taxonomy":"post_tag","embeddable":true,"href":"https:\/\/archive.sana.sy\/es\/index.php?rest_route=%2Fwp%2Fv2%2Ftags&post=266048"}],"curies":[{"name":"wp","href":"https:\/\/api.w.org\/{rel}","templated":true}]}}