{"id":266089,"date":"2022-12-14T18:00:41","date_gmt":"2022-12-14T16:00:41","guid":{"rendered":"http:\/\/107.6.182.27\/es\/?p=266089"},"modified":"2023-01-10T15:48:58","modified_gmt":"2023-01-10T13:48:58","slug":"peru-convoca-a-embajadores-de-mexico-bolivia-argentina-y-colombia-tras-su-apoyo-a-castillo","status":"publish","type":"post","link":"https:\/\/archive.sana.sy\/es\/?p=266089","title":{"rendered":"Per\u00fa convoca a embajadores de M\u00e9xico, Bolivia, Argentina y Colombia tras su apoyo a Castillo"},"content":{"rendered":"<p style=\"text-align: justify\"><span style=\"color: #800000\"><strong>Lima, 14 dic (SANA)<\/strong><\/span> La ministra de Relaciones Exteriores de Per\u00fa, Ana Cecilia Gervasi, convoc\u00f3 a los embajadores de M\u00e9xico, Bolivia y Argentina y al encargado de negocios de Colombia para reiterarles que &#8220;la sucesi\u00f3n presidencial de Dina Boluarte es constitucional&#8221;.<\/p>\n<p style=\"text-align: justify\">&#8220;Hoy convoqu\u00e9 a los embajadores de M\u00e9xico, Bolivia y Argentina y el encargado de negocios de Colombia. Les reiter\u00e9 que la sucesi\u00f3n presidencial es constitucional y que las decisiones del expresidente Castillo del 7 de diciembre materializaron un golpe de Estado&#8221;, escribi\u00f3 en sus redes sociales, citada por RT.<\/p>\n<p style=\"text-align: justify\">La canciller hac\u00eda referencia a un comunicado publicado el lunes por estos cuatros pa\u00edses en el que expresaron su &#8220;profunda preocupaci\u00f3n&#8221; por los sucesos que resultaron en la remoci\u00f3n y detenci\u00f3n de Castillo y exhortaron a quienes integran las instituciones peruanas de &#8220;abstenerse de revertir la voluntad popular expresada con el libre sufragio&#8221;.<\/p>\n<p style=\"text-align: justify\">\nfm\/la<\/p>\n","protected":false},"excerpt":{"rendered":"<p>Lima, 14 dic (SANA) La ministra de Relaciones Exteriores de Per\u00fa, Ana Cecilia Gervasi, convoc\u00f3 a los embajadores de M\u00e9xico, Bolivia y Argentina y al encargado de negocios de Colombia para reiterarles que &#8220;la sucesi\u00f3n presidencial de Dina Boluarte es constitucional&#8221;. &#8220;Hoy convoqu\u00e9 a los embajadores de M\u00e9xico, Bolivia y Argentina y el encargado de &hellip;<\/p>\n","protected":false},"author":24,"featured_media":266090,"comment_status":"closed","ping_status":"closed","sticky":false,"template":"","format":"standard","meta":{"footnotes":""},"categories":[597,456,20724],"tags":[],"class_list":["post-266089","post","type-post","status-publish","format-standard","has-post-thumbnail","","category-cinta-de-noticias","category-arabe-internacional-politica","category-minuto-a-minuto"],"_links":{"self":[{"href":"https:\/\/archive.sana.sy\/es\/index.php?rest_route=\/wp\/v2\/posts\/266089"}],"collection":[{"href":"https:\/\/archive.sana.sy\/es\/index.php?rest_route=\/wp\/v2\/posts"}],"about":[{"href":"https:\/\/archive.sana.sy\/es\/index.php?rest_route=\/wp\/v2\/types\/post"}],"author":[{"embeddable":true,"href":"https:\/\/archive.sana.sy\/es\/index.php?rest_route=\/wp\/v2\/users\/24"}],"replies":[{"embeddable":true,"href":"https:\/\/archive.sana.sy\/es\/index.php?rest_route=%2Fwp%2Fv2%2Fcomments&post=266089"}],"version-history":[{"count":0,"href":"https:\/\/archive.sana.sy\/es\/index.php?rest_route=\/wp\/v2\/posts\/266089\/revisions"}],"wp:featuredmedia":[{"embeddable":true,"href":"https:\/\/archive.sana.sy\/es\/index.php?rest_route=\/wp\/v2\/media\/266090"}],"wp:attachment":[{"href":"https:\/\/archive.sana.sy\/es\/index.php?rest_route=%2Fwp%2Fv2%2Fmedia&parent=266089"}],"wp:term":[{"taxonomy":"category","embeddable":true,"href":"https:\/\/archive.sana.sy\/es\/index.php?rest_route=%2Fwp%2Fv2%2Fcategories&post=266089"},{"taxonomy":"post_tag","embeddable":true,"href":"https:\/\/archive.sana.sy\/es\/index.php?rest_route=%2Fwp%2Fv2%2Ftags&post=266089"}],"curies":[{"name":"wp","href":"https:\/\/api.w.org\/{rel}","templated":true}]}}