{"id":266093,"date":"2022-12-14T18:40:02","date_gmt":"2022-12-14T16:40:02","guid":{"rendered":"http:\/\/107.6.182.27\/es\/?p=266093"},"modified":"2023-01-10T14:02:13","modified_gmt":"2023-01-10T12:02:13","slug":"siria-y-oman-abordan-posibilidad-de-aumentar-volumen-de-vuelos","status":"publish","type":"post","link":"https:\/\/archive.sana.sy\/es\/?p=266093","title":{"rendered":"Siria y Om\u00e1n abordan posibilidad de aumentar volumen de vuelos entre los dos pa\u00edses"},"content":{"rendered":"<p style=\"text-align: justify\"><span style=\"color: #800000\"><strong>Om\u00e1n, 14 dic (SANA)<\/strong> <\/span>Una delegaci\u00f3n del Ministerio de Transporte de Siria se reuni\u00f3 este mi\u00e9rcoles en la capital oman\u00ed Muscate con el ministro de Transporte, Comunicaciones y Tecnolog\u00edas de la Informaci\u00f3n del Sultanato de Om\u00e1n, Saeed bin Hammoud Al-Ma&#8217;awali.<\/p>\n<p style=\"text-align: justify\">La reuni\u00f3n gir\u00f3 en torno a la posibilidad de afianzar la cooperaci\u00f3n t\u00e9cnica en el sector de transporte a\u00e9reo y aumentar el volumen de vuelos p\u00fablicos y privadas de pasajeros y carga, lo que se traducir\u00e1 en la mejora del intercambio econ\u00f3mico y comercial y social entre los dos pa\u00edses hermanos.<\/p>\n<p style=\"text-align: justify\">La delegaci\u00f3n siria present\u00f3 la realidad del sector del transporte en Siria y las dificultades que enfrenta debido a la destrucci\u00f3n causada por los terroristas y las medidas coercitivas unilaterales aplicadas por EEUU y la Uni\u00f3n Europea contra el pa\u00eds.<\/p>\n<p style=\"text-align: justify\">la<\/p>\n","protected":false},"excerpt":{"rendered":"<p>Om\u00e1n, 14 dic (SANA) Una delegaci\u00f3n del Ministerio de Transporte de Siria se reuni\u00f3 este mi\u00e9rcoles en la capital oman\u00ed Muscate con el ministro de Transporte, Comunicaciones y Tecnolog\u00edas de la Informaci\u00f3n del Sultanato de Om\u00e1n, Saeed bin Hammoud Al-Ma&#8217;awali. La reuni\u00f3n gir\u00f3 en torno a la posibilidad de afianzar la cooperaci\u00f3n t\u00e9cnica en el &hellip;<\/p>\n","protected":false},"author":24,"featured_media":266094,"comment_status":"closed","ping_status":"closed","sticky":false,"template":"","format":"standard","meta":{"footnotes":""},"categories":[447,597,467,7541],"tags":[],"class_list":["post-266093","post","type-post","status-publish","format-standard","has-post-thumbnail","","category-local-politica","category-cinta-de-noticias","category-siria-y-el-mundo","category-ultimas-noticias"],"_links":{"self":[{"href":"https:\/\/archive.sana.sy\/es\/index.php?rest_route=\/wp\/v2\/posts\/266093"}],"collection":[{"href":"https:\/\/archive.sana.sy\/es\/index.php?rest_route=\/wp\/v2\/posts"}],"about":[{"href":"https:\/\/archive.sana.sy\/es\/index.php?rest_route=\/wp\/v2\/types\/post"}],"author":[{"embeddable":true,"href":"https:\/\/archive.sana.sy\/es\/index.php?rest_route=\/wp\/v2\/users\/24"}],"replies":[{"embeddable":true,"href":"https:\/\/archive.sana.sy\/es\/index.php?rest_route=%2Fwp%2Fv2%2Fcomments&post=266093"}],"version-history":[{"count":0,"href":"https:\/\/archive.sana.sy\/es\/index.php?rest_route=\/wp\/v2\/posts\/266093\/revisions"}],"wp:featuredmedia":[{"embeddable":true,"href":"https:\/\/archive.sana.sy\/es\/index.php?rest_route=\/wp\/v2\/media\/266094"}],"wp:attachment":[{"href":"https:\/\/archive.sana.sy\/es\/index.php?rest_route=%2Fwp%2Fv2%2Fmedia&parent=266093"}],"wp:term":[{"taxonomy":"category","embeddable":true,"href":"https:\/\/archive.sana.sy\/es\/index.php?rest_route=%2Fwp%2Fv2%2Fcategories&post=266093"},{"taxonomy":"post_tag","embeddable":true,"href":"https:\/\/archive.sana.sy\/es\/index.php?rest_route=%2Fwp%2Fv2%2Ftags&post=266093"}],"curies":[{"name":"wp","href":"https:\/\/api.w.org\/{rel}","templated":true}]}}