{"id":26613,"date":"2015-07-14T18:05:06","date_gmt":"2015-07-14T15:05:06","guid":{"rendered":"http:\/\/sana.sy\/es\/?p=26613"},"modified":"2015-07-14T18:05:06","modified_gmt":"2015-07-14T15:05:06","slug":"primer-ministro-el-acuerdo-historico-entre-iran-y-el-g51-restaurara-la-seguridad-y-paz-internacionales","status":"publish","type":"post","link":"https:\/\/archive.sana.sy\/es\/?p=26613","title":{"rendered":"Primer Ministro: el acuerdo hist\u00f3rico entre Ir\u00e1n y el G5+1 restaurar\u00e1 la seguridad y paz internacionales"},"content":{"rendered":"<p><span style=\"color: #800000\">Damasco, SANA<\/span><\/p>\n<p>Al iniciar la sesi\u00f3n semanal del Gabinete, el primer ministro, Wael al-Halqui subray\u00f3 que \u201cel acuerdo hist\u00f3rico logrado entre la Rep\u00fablica Isl\u00e1mica de Ir\u00e1n y el G5+1 se considera como una victoria para la diplomacia y el pueblo iran\u00edes, el cual contribuir\u00e1 a garantizar el restablecimiento de la seguridad y paz internacionales\u201d.<\/p>\n<p>En cuanto al tema del saqueo y el desmantelamiento de las f\u00e1bricas que se encuentran en la provincia de Idleb a manos de los terroristas y el contrabandeo de los bienes saqueados a Turqu\u00eda, el Primer Ministro denunci\u00f3 que estas acciones van en el marco de las continuas pol\u00edticas del verdugo Erdogan y sus bandas criminales de saquear los recursos del pueblo sirio, exigiendo al Gobierno turco que devuelva las propiedades de este pueblo y deje de reproducir semejantes acciones.<\/p>\n<p>En este contexto, al-Halqui encarg\u00f3 a los ministros de Justicia y de Industria de dar seguimiento a este expediente a nivel internacional.<\/p>\n<p>El jefe del Ejecutivo dio sus instrucciones a los ministerios correspondientes para dar seguimiento a la situaci\u00f3n de servicios en las provincias de Alepo y Deir Ezzor, e hizo referencia a los incendios provocados en algunas provincias, destacando la importancia de perseguir a las partes que est\u00e1n detr\u00e1s de este crimen.<\/p>\n<p>A su vez, el viceprimer ministro para Asuntos de Servicios, ministros de Administraci\u00f3n local y los ministros de Energ\u00eda El\u00e9ctrica y de Recursos h\u00eddricos hicieron una panor\u00e1mica sobre el impacto de los ataques terroristas contra los sectores de energ\u00eda y del agua, y las medidas tomadas por sus ministerios para reparar los da\u00f1os y aliviar el sufrimiento de los ciudadanos.<\/p>\n<p>&nbsp;<\/p>\n<p>Lynn A.<\/p>\n<p>&nbsp;<\/p>\n","protected":false},"excerpt":{"rendered":"<p>Damasco, SANA Al iniciar la sesi\u00f3n semanal del Gabinete, el primer ministro, Wael al-Halqui subray\u00f3 que \u201cel acuerdo hist\u00f3rico logrado entre la Rep\u00fablica Isl\u00e1mica de Ir\u00e1n y el G5+1 se considera como una victoria para la diplomacia y el pueblo iran\u00edes, el cual contribuir\u00e1 a garantizar el restablecimiento de la seguridad y paz internacionales\u201d. En &hellip;<\/p>\n","protected":false},"author":24,"featured_media":26234,"comment_status":"closed","ping_status":"closed","sticky":false,"template":"","format":"standard","meta":{"footnotes":""},"categories":[477,476],"tags":[5981],"class_list":["post-26613","post","type-post","status-publish","format-standard","has-post-thumbnail","","category-noticias-edulcorantes","category-locales","tag-primer-ministro-el-acuerdo-historico-entre-iran-y-el-g51-restaurara-la-seguridad-y-paz-internacionales"],"_links":{"self":[{"href":"https:\/\/archive.sana.sy\/es\/index.php?rest_route=\/wp\/v2\/posts\/26613"}],"collection":[{"href":"https:\/\/archive.sana.sy\/es\/index.php?rest_route=\/wp\/v2\/posts"}],"about":[{"href":"https:\/\/archive.sana.sy\/es\/index.php?rest_route=\/wp\/v2\/types\/post"}],"author":[{"embeddable":true,"href":"https:\/\/archive.sana.sy\/es\/index.php?rest_route=\/wp\/v2\/users\/24"}],"replies":[{"embeddable":true,"href":"https:\/\/archive.sana.sy\/es\/index.php?rest_route=%2Fwp%2Fv2%2Fcomments&post=26613"}],"version-history":[{"count":0,"href":"https:\/\/archive.sana.sy\/es\/index.php?rest_route=\/wp\/v2\/posts\/26613\/revisions"}],"wp:featuredmedia":[{"embeddable":true,"href":"https:\/\/archive.sana.sy\/es\/index.php?rest_route=\/wp\/v2\/media\/26234"}],"wp:attachment":[{"href":"https:\/\/archive.sana.sy\/es\/index.php?rest_route=%2Fwp%2Fv2%2Fmedia&parent=26613"}],"wp:term":[{"taxonomy":"category","embeddable":true,"href":"https:\/\/archive.sana.sy\/es\/index.php?rest_route=%2Fwp%2Fv2%2Fcategories&post=26613"},{"taxonomy":"post_tag","embeddable":true,"href":"https:\/\/archive.sana.sy\/es\/index.php?rest_route=%2Fwp%2Fv2%2Ftags&post=26613"}],"curies":[{"name":"wp","href":"https:\/\/api.w.org\/{rel}","templated":true}]}}