{"id":266142,"date":"2022-12-15T04:26:14","date_gmt":"2022-12-15T02:26:14","guid":{"rendered":"http:\/\/107.6.182.27\/es\/?p=266142"},"modified":"2023-01-10T15:48:57","modified_gmt":"2023-01-10T13:48:57","slug":"iran-condena-proyecto-de-resolucion-de-retirar-su-membresia-del-comite-de-derechos-de-la-mujer-en-las-naciones-unidas","status":"publish","type":"post","link":"https:\/\/archive.sana.sy\/es\/?p=266142","title":{"rendered":"Ir\u00e1n condena proyecto de resoluci\u00f3n de retirar su membres\u00eda del Comit\u00e9 de Derechos de la Mujer en las Naciones Unidas"},"content":{"rendered":"<p style=\"text-align: justify;\"><span style=\"color: #800000;\"><strong>Washington, 15 dic (SANA)\u00a0<\/strong><\/span>\u00a0 Ir\u00e1n conden\u00f3 en\u00e9rgicamente el proyecto de resoluci\u00f3n de retirar su membres\u00eda del Comit\u00e9 de Derechos de la Mujer de las Naciones Unidas y pidi\u00f3 a los miembros del Consejo Econ\u00f3mico y Social de la organizaci\u00f3n internacional que voten en contra de este proyecto.<\/p>\n<p style=\"text-align: justify;\">Durante una reuni\u00f3n de las Naciones Unidas, el delegado de Teher\u00e1n precis\u00f3 que &#8220;el proyecto de resoluci\u00f3n es una de las pol\u00edticas anti-Teher\u00e1n de Estados Unidos destinadas a impedir el progreso de los iran\u00edes, especialmente mujeres y ni\u00f1as, que han demostrado superioridad y competencia en todos los campos&#8221;.<\/p>\n<p style=\"text-align: justify;\">El embajador iran\u00ed agreg\u00f3 que &#8220;esta decisi\u00f3n es un claro ejemplo de la pol\u00edtica de Occidente basada en el doble rasero y la violaci\u00f3n y distorsi\u00f3n de los conceptos de derechos humanos mediante el uso de plataformas de las Naciones Unidas.<\/p>\n<p style=\"text-align: justify;\">fm<\/p>\n","protected":false},"excerpt":{"rendered":"<p>Washington, 15 dic (SANA)\u00a0\u00a0 Ir\u00e1n conden\u00f3 en\u00e9rgicamente el proyecto de resoluci\u00f3n de retirar su membres\u00eda del Comit\u00e9 de Derechos de la Mujer de las Naciones Unidas y pidi\u00f3 a los miembros del Consejo Econ\u00f3mico y Social de la organizaci\u00f3n internacional que voten en contra de este proyecto. Durante una reuni\u00f3n de las Naciones Unidas, el &hellip;<\/p>\n","protected":false},"author":34,"featured_media":266143,"comment_status":"closed","ping_status":"closed","sticky":false,"template":"","format":"standard","meta":{"footnotes":""},"categories":[597,456,20724,7541],"tags":[],"class_list":["post-266142","post","type-post","status-publish","format-standard","has-post-thumbnail","","category-cinta-de-noticias","category-arabe-internacional-politica","category-minuto-a-minuto","category-ultimas-noticias"],"_links":{"self":[{"href":"https:\/\/archive.sana.sy\/es\/index.php?rest_route=\/wp\/v2\/posts\/266142"}],"collection":[{"href":"https:\/\/archive.sana.sy\/es\/index.php?rest_route=\/wp\/v2\/posts"}],"about":[{"href":"https:\/\/archive.sana.sy\/es\/index.php?rest_route=\/wp\/v2\/types\/post"}],"author":[{"embeddable":true,"href":"https:\/\/archive.sana.sy\/es\/index.php?rest_route=\/wp\/v2\/users\/34"}],"replies":[{"embeddable":true,"href":"https:\/\/archive.sana.sy\/es\/index.php?rest_route=%2Fwp%2Fv2%2Fcomments&post=266142"}],"version-history":[{"count":0,"href":"https:\/\/archive.sana.sy\/es\/index.php?rest_route=\/wp\/v2\/posts\/266142\/revisions"}],"wp:featuredmedia":[{"embeddable":true,"href":"https:\/\/archive.sana.sy\/es\/index.php?rest_route=\/wp\/v2\/media\/266143"}],"wp:attachment":[{"href":"https:\/\/archive.sana.sy\/es\/index.php?rest_route=%2Fwp%2Fv2%2Fmedia&parent=266142"}],"wp:term":[{"taxonomy":"category","embeddable":true,"href":"https:\/\/archive.sana.sy\/es\/index.php?rest_route=%2Fwp%2Fv2%2Fcategories&post=266142"},{"taxonomy":"post_tag","embeddable":true,"href":"https:\/\/archive.sana.sy\/es\/index.php?rest_route=%2Fwp%2Fv2%2Ftags&post=266142"}],"curies":[{"name":"wp","href":"https:\/\/api.w.org\/{rel}","templated":true}]}}