{"id":266167,"date":"2022-12-15T14:18:56","date_gmt":"2022-12-15T12:18:56","guid":{"rendered":"http:\/\/107.6.182.27\/es\/?p=266167"},"modified":"2022-12-15T14:24:53","modified_gmt":"2022-12-15T12:24:53","slug":"canciller-sirio-recibe-a-la-directora-de-la-oficina-regional-del-programa-mundial-de-alimentos","status":"publish","type":"post","link":"https:\/\/archive.sana.sy\/es\/?p=266167","title":{"rendered":"Canciller sirio examina con Directora Regional del PMA la no politizaci\u00f3n de la ayuda humanitaria"},"content":{"rendered":"<blockquote><p><span style=\"color: #ff6600;\"><strong>Seg\u00fan el jefe de la diplomacia siria, es necesario que las Naciones Unidas desempe\u00f1e su papel y detenga estas violaciones y desenmascare las pr\u00e1cticas occidentales que costaron a los sirios m\u00e1s de 100 mil millones de d\u00f3lares estadounidenses de p\u00e9rdidas directas e indirectas.<\/strong><\/span><\/p><\/blockquote>\n<p style=\"text-align: justify;\"><span style=\"color: #800000;\"><strong>Damasco, 15 dic (SANA)<\/strong><\/span> El ministro de Exteriores y Expatriados, Faisal al-Mekdad, recibi\u00f3 hoy en la sede de la Canciller\u00eda, a Corinne Fleischer, la directora de la Oficina Regional del Programa Mundial de Alimentos (PMA), y la delegaci\u00f3n acompa\u00f1ante.<\/p>\n<p style=\"text-align: justify;\">Durante la reuni\u00f3n, el Canciller examin\u00f3 con Fleischer cuestiones relacionadas con la seguridad alimentaria regional e internacional, as\u00ed como el impacto del terrorismo y las m\u00faltiples crisis mundiales en la disponibilidad de alimentos en varias regiones del mundo.<\/p>\n<p style=\"text-align: justify;\">Las dos partes repasaron las actividades del PMA en Siria y las v\u00edas de aumentar los esfuerzos para hacer frente a los desaf\u00edos que enfrenta el pueblo sirio, as\u00ed como se enfatiz\u00f3 la entrega de la ayuda humanitaria sin ning\u00fan tipo de politizaci\u00f3n.<\/p>\n<p style=\"text-align: justify;\">\u201cAdem\u00e1s de las dificultades que enfrenta Siria debido a las medidas coercitivas unilaterales e inhumanas, est\u00e1n tambi\u00e9n las pr\u00e1cticas del ocupante estadounidense en las regiones del noreste de Siria y su continuo saqueo del petr\u00f3leo, trigo, algod\u00f3n y diversas riquezas del pa\u00eds\u201d, denunci\u00f3 al-Mekdad.<\/p>\n<p style=\"text-align: justify;\">Seg\u00fan el jefe de la diplomacia siria, es necesario que las Naciones Unidas desempe\u00f1e su papel y detenga estas violaciones y desenmascare las pr\u00e1cticas occidentales que costaron a los sirios m\u00e1s de 100 mil millones de d\u00f3lares estadounidenses de p\u00e9rdidas directas e indirectas.<\/p>\n<p style=\"text-align: justify;\">\u201cEl gobierno sirio contin\u00faa sus esfuerzos para asegurar las necesidades de los sirios y proporcionar todas las facilidades para el trabajo de las organizaciones internacionales que operan en el pa\u00eds para satisfacer las necesidades de los sirios y lograr los objetivos de desarrollo y recuperaci\u00f3n temprana de acuerdo con las resoluciones pertinentes del Consejo de Seguridad y las Naciones Unidas\u201d, asegur\u00f3.<\/p>\n<p style=\"text-align: justify;\">A su vez, Fleischer expres\u00f3 su aprecio y agradecimiento por el apoyo prestado por el gobierno sirio al programa, as\u00ed como las facilidades que disfruta en la implementaci\u00f3n de sus proyectos y actividades en cooperaci\u00f3n con varias autoridades nacionales en Siria.<\/p>\n<p style=\"text-align: justify;\">Al respecto, manifest\u00f3 la determinaci\u00f3n del PMA de redoblar los esfuerzos para asegurar las necesidades de los sirios.<\/p>\n<p style=\"text-align: justify;\"><em><strong>ah\/fm<\/strong><\/em><\/p>\n","protected":false},"excerpt":{"rendered":"<p>Seg\u00fan el jefe de la diplomacia siria, es necesario que las Naciones Unidas desempe\u00f1e su papel y detenga estas violaciones y desenmascare las pr\u00e1cticas occidentales que costaron a los sirios m\u00e1s de 100 mil millones de d\u00f3lares estadounidenses de p\u00e9rdidas directas e indirectas. Damasco, 15 dic (SANA) El ministro de Exteriores y Expatriados, Faisal al-Mekdad, &hellip;<\/p>\n","protected":false},"author":32,"featured_media":266215,"comment_status":"closed","ping_status":"closed","sticky":false,"template":"","format":"standard","meta":{"footnotes":""},"categories":[477,447,597,20724,467,583],"tags":[21106,21653],"class_list":["post-266167","post","type-post","status-publish","format-standard","has-post-thumbnail","","category-noticias-edulcorantes","category-local-politica","category-cinta-de-noticias","category-minuto-a-minuto","category-siria-y-el-mundo","category-slide","tag-al-mekdad","tag-corinne-fleischer"],"_links":{"self":[{"href":"https:\/\/archive.sana.sy\/es\/index.php?rest_route=\/wp\/v2\/posts\/266167"}],"collection":[{"href":"https:\/\/archive.sana.sy\/es\/index.php?rest_route=\/wp\/v2\/posts"}],"about":[{"href":"https:\/\/archive.sana.sy\/es\/index.php?rest_route=\/wp\/v2\/types\/post"}],"author":[{"embeddable":true,"href":"https:\/\/archive.sana.sy\/es\/index.php?rest_route=\/wp\/v2\/users\/32"}],"replies":[{"embeddable":true,"href":"https:\/\/archive.sana.sy\/es\/index.php?rest_route=%2Fwp%2Fv2%2Fcomments&post=266167"}],"version-history":[{"count":0,"href":"https:\/\/archive.sana.sy\/es\/index.php?rest_route=\/wp\/v2\/posts\/266167\/revisions"}],"wp:featuredmedia":[{"embeddable":true,"href":"https:\/\/archive.sana.sy\/es\/index.php?rest_route=\/wp\/v2\/media\/266215"}],"wp:attachment":[{"href":"https:\/\/archive.sana.sy\/es\/index.php?rest_route=%2Fwp%2Fv2%2Fmedia&parent=266167"}],"wp:term":[{"taxonomy":"category","embeddable":true,"href":"https:\/\/archive.sana.sy\/es\/index.php?rest_route=%2Fwp%2Fv2%2Fcategories&post=266167"},{"taxonomy":"post_tag","embeddable":true,"href":"https:\/\/archive.sana.sy\/es\/index.php?rest_route=%2Fwp%2Fv2%2Ftags&post=266167"}],"curies":[{"name":"wp","href":"https:\/\/api.w.org\/{rel}","templated":true}]}}