{"id":266267,"date":"2022-12-16T07:45:38","date_gmt":"2022-12-16T05:45:38","guid":{"rendered":"http:\/\/107.6.182.27\/es\/?p=266267"},"modified":"2023-01-10T15:48:55","modified_gmt":"2023-01-10T13:48:55","slug":"aumenta-a-18-el-numero-de-victimas-mortales-en-protestas-incesantes-en-peru","status":"publish","type":"post","link":"https:\/\/archive.sana.sy\/es\/?p=266267","title":{"rendered":"Aumenta a 18 el n\u00famero de v\u00edctimas mortales en las protestas en Per\u00fa"},"content":{"rendered":"<p style=\"text-align: justify;\"><span style=\"color: #800000;\"><strong>Lima, 16 dic (SANA)<\/strong><\/span> El n\u00famero de muertos ca\u00eddos en las protestas incesantes que sacuden a Per\u00fa tras la destituci\u00f3n del presidente Pedro Castillo aument\u00f3 a 18, seg\u00fan divulg\u00f3 RT citando a la Direcci\u00f3n Regional de Salud del departamento peruano de Ayacucho.<\/p>\n<p style=\"text-align: justify;\">De acuerdo al Ministerio de Salud, nueve manifestantes fallecieron la v\u00edspera en varios regiones del pa\u00eds latinoamericano, no obstante, situ\u00f3 de momento la cifra de decesos en 14 personas.<\/p>\n<p style=\"text-align: justify;\">Al respecto, el Ej\u00e9rcito Peruano se despleg\u00f3 en las calles para apoyar a los uniformados en el control de las protestas que se desarrollan en las provincias de Huamanga, Huanta y La Mar.<\/p>\n<p style=\"text-align: justify;\"><em><strong>ah\/fm<\/strong><\/em><\/p>\n","protected":false},"excerpt":{"rendered":"<p>Lima, 16 dic (SANA) El n\u00famero de muertos ca\u00eddos en las protestas incesantes que sacuden a Per\u00fa tras la destituci\u00f3n del presidente Pedro Castillo aument\u00f3 a 18, seg\u00fan divulg\u00f3 RT citando a la Direcci\u00f3n Regional de Salud del departamento peruano de Ayacucho. De acuerdo al Ministerio de Salud, nueve manifestantes fallecieron la v\u00edspera en varios &hellip;<\/p>\n","protected":false},"author":30,"featured_media":266268,"comment_status":"closed","ping_status":"closed","sticky":false,"template":"","format":"standard","meta":{"footnotes":""},"categories":[456,20724],"tags":[],"class_list":["post-266267","post","type-post","status-publish","format-standard","has-post-thumbnail","","category-arabe-internacional-politica","category-minuto-a-minuto"],"_links":{"self":[{"href":"https:\/\/archive.sana.sy\/es\/index.php?rest_route=\/wp\/v2\/posts\/266267"}],"collection":[{"href":"https:\/\/archive.sana.sy\/es\/index.php?rest_route=\/wp\/v2\/posts"}],"about":[{"href":"https:\/\/archive.sana.sy\/es\/index.php?rest_route=\/wp\/v2\/types\/post"}],"author":[{"embeddable":true,"href":"https:\/\/archive.sana.sy\/es\/index.php?rest_route=\/wp\/v2\/users\/30"}],"replies":[{"embeddable":true,"href":"https:\/\/archive.sana.sy\/es\/index.php?rest_route=%2Fwp%2Fv2%2Fcomments&post=266267"}],"version-history":[{"count":0,"href":"https:\/\/archive.sana.sy\/es\/index.php?rest_route=\/wp\/v2\/posts\/266267\/revisions"}],"wp:featuredmedia":[{"embeddable":true,"href":"https:\/\/archive.sana.sy\/es\/index.php?rest_route=\/wp\/v2\/media\/266268"}],"wp:attachment":[{"href":"https:\/\/archive.sana.sy\/es\/index.php?rest_route=%2Fwp%2Fv2%2Fmedia&parent=266267"}],"wp:term":[{"taxonomy":"category","embeddable":true,"href":"https:\/\/archive.sana.sy\/es\/index.php?rest_route=%2Fwp%2Fv2%2Fcategories&post=266267"},{"taxonomy":"post_tag","embeddable":true,"href":"https:\/\/archive.sana.sy\/es\/index.php?rest_route=%2Fwp%2Fv2%2Ftags&post=266267"}],"curies":[{"name":"wp","href":"https:\/\/api.w.org\/{rel}","templated":true}]}}