{"id":266273,"date":"2022-12-16T09:17:16","date_gmt":"2022-12-16T07:17:16","guid":{"rendered":"http:\/\/107.6.182.27\/es\/?p=266273"},"modified":"2023-01-10T15:48:54","modified_gmt":"2023-01-10T13:48:54","slug":"explosion-en-diyarbakir-turquia-deja-heridos-a-ocho-policias","status":"publish","type":"post","link":"https:\/\/archive.sana.sy\/es\/?p=266273","title":{"rendered":"Explosi\u00f3n en Diyarbakir, Turqu\u00eda, deja heridos a ocho polic\u00edas"},"content":{"rendered":"<p style=\"text-align: justify;\"><span style=\"color: #800000;\"><strong>Ankara, 16 dic (SANA)<\/strong> <\/span>Ocho polic\u00edas turcos resultaron heridos hoy a causa de una explosi\u00f3n que apunt\u00f3 contra su convoy en la provincia suroriental turca de Diyarbakir.<\/p>\n<p style=\"text-align: justify;\">Seg\u00fan inform\u00f3 la Agencia Anadolu, citando al ministro del Interior, S\u00fcleyman Soylu, \u201cun veh\u00edculo se explot\u00f3 al paso de un coche de polic\u00eda por la carretera Diyarbakir-Mardin\u201d.<\/p>\n<p style=\"text-align: justify;\">\u201cLos oficiales heridos fueron transportados al hospital, as\u00ed como fueron arrestados dos sospechosos\u201d, concluy\u00f3 Soylu.<\/p>\n<p style=\"text-align: justify;\"><em><strong>ah\/fm<\/strong><\/em><\/p>\n","protected":false},"excerpt":{"rendered":"<p>Ankara, 16 dic (SANA) Ocho polic\u00edas turcos resultaron heridos hoy a causa de una explosi\u00f3n que apunt\u00f3 contra su convoy en la provincia suroriental turca de Diyarbakir. Seg\u00fan inform\u00f3 la Agencia Anadolu, citando al ministro del Interior, S\u00fcleyman Soylu, \u201cun veh\u00edculo se explot\u00f3 al paso de un coche de polic\u00eda por la carretera Diyarbakir-Mardin\u201d. \u201cLos &hellip;<\/p>\n","protected":false},"author":30,"featured_media":266276,"comment_status":"closed","ping_status":"closed","sticky":false,"template":"","format":"standard","meta":{"footnotes":""},"categories":[456,20724],"tags":[],"class_list":["post-266273","post","type-post","status-publish","format-standard","has-post-thumbnail","","category-arabe-internacional-politica","category-minuto-a-minuto"],"_links":{"self":[{"href":"https:\/\/archive.sana.sy\/es\/index.php?rest_route=\/wp\/v2\/posts\/266273"}],"collection":[{"href":"https:\/\/archive.sana.sy\/es\/index.php?rest_route=\/wp\/v2\/posts"}],"about":[{"href":"https:\/\/archive.sana.sy\/es\/index.php?rest_route=\/wp\/v2\/types\/post"}],"author":[{"embeddable":true,"href":"https:\/\/archive.sana.sy\/es\/index.php?rest_route=\/wp\/v2\/users\/30"}],"replies":[{"embeddable":true,"href":"https:\/\/archive.sana.sy\/es\/index.php?rest_route=%2Fwp%2Fv2%2Fcomments&post=266273"}],"version-history":[{"count":0,"href":"https:\/\/archive.sana.sy\/es\/index.php?rest_route=\/wp\/v2\/posts\/266273\/revisions"}],"wp:featuredmedia":[{"embeddable":true,"href":"https:\/\/archive.sana.sy\/es\/index.php?rest_route=\/wp\/v2\/media\/266276"}],"wp:attachment":[{"href":"https:\/\/archive.sana.sy\/es\/index.php?rest_route=%2Fwp%2Fv2%2Fmedia&parent=266273"}],"wp:term":[{"taxonomy":"category","embeddable":true,"href":"https:\/\/archive.sana.sy\/es\/index.php?rest_route=%2Fwp%2Fv2%2Fcategories&post=266273"},{"taxonomy":"post_tag","embeddable":true,"href":"https:\/\/archive.sana.sy\/es\/index.php?rest_route=%2Fwp%2Fv2%2Ftags&post=266273"}],"curies":[{"name":"wp","href":"https:\/\/api.w.org\/{rel}","templated":true}]}}