{"id":266278,"date":"2022-12-16T09:21:59","date_gmt":"2022-12-16T07:21:59","guid":{"rendered":"http:\/\/107.6.182.27\/es\/?p=266278"},"modified":"2023-01-10T15:48:54","modified_gmt":"2023-01-10T13:48:54","slug":"miles-de-turcos-se-manifiestan-en-estambul-contra-las-politicas-autoritarias-de-erdogan","status":"publish","type":"post","link":"https:\/\/archive.sana.sy\/es\/?p=266278","title":{"rendered":"Miles de turcos se manifiestan en Estambul contra las pol\u00edticas autoritarias de Erdogan"},"content":{"rendered":"<blockquote>\n<p style=\"text-align: justify;\"><span style=\"color: #ff6600;\"><strong>\u201cNo tengo miedo de su gobierno ileg\u00edtimo, no tengo jueces que me protejan, pero conf\u00edo de 16 millones de personas de Estambul y en nuestra naci\u00f3n\u201d, dijo Imamoglu dirigi\u00e9ndose a la multitud.<\/strong><\/span><\/p>\n<\/blockquote>\n<p style=\"text-align: justify;\"><span style=\"color: #800000;\"><strong>Ankara, 16 dic (SANA)<\/strong><\/span> Decenas de miles de turcos se manifestaron en Estambul contra las pol\u00edticas autoritarias del presidente turco, Recep Tayyip Erdogan, y en solidaridad con el alcalde opositor de la capital turca, Ekrem Imamoglu, despu\u00e9s de que se emitiera una decisi\u00f3n judicial que le prohib\u00eda ejercer trabajo pol\u00edtico antes de las elecciones presidenciales programadas para el pr\u00f3ximo a\u00f1o.<\/p>\n<p style=\"text-align: justify;\">De acuerdo a medios de comunicaci\u00f3n de la oposici\u00f3n turca, Imamoglu y otros seis l\u00edderes de partidos opositores aparecieron uno al lado del otro en una multitud de partidarios en la protesta, que tiene como objetivo principal mostrar desaf\u00edo a Erdogan.<\/p>\n<p style=\"text-align: justify;\">\u201cNo tengo miedo de su gobierno ileg\u00edtimo, no tengo jueces que me protejan, pero conf\u00edo de 16 millones de personas de Estambul y en nuestra naci\u00f3n\u201d, dijo Imamoglu dirigi\u00e9ndose a la multitud.<\/p>\n<p style=\"text-align: justify;\">Asimismo, cientos de turcos se manifestaron en Trabzon, la ciudad natal de Imamoglu, en solidaridad con \u00e9l contra la decisi\u00f3n del tribunal emitido en su contra.<\/p>\n<p style=\"text-align: justify;\">Esta manifestaci\u00f3n marc\u00f3 la primera aparici\u00f3n p\u00fablica conjunta de l\u00edderes clave de la oposici\u00f3n durante la campa\u00f1a electoral y constituy\u00f3 la mayor manifestaci\u00f3n contra Erdogan.<\/p>\n<p style=\"text-align: justify;\"><em><strong>ah\/fm<\/strong><\/em><\/p>\n","protected":false},"excerpt":{"rendered":"<p>\u201cNo tengo miedo de su gobierno ileg\u00edtimo, no tengo jueces que me protejan, pero conf\u00edo de 16 millones de personas de Estambul y en nuestra naci\u00f3n\u201d, dijo Imamoglu dirigi\u00e9ndose a la multitud. Ankara, 16 dic (SANA) Decenas de miles de turcos se manifestaron en Estambul contra las pol\u00edticas autoritarias del presidente turco, Recep Tayyip Erdogan, &hellip;<\/p>\n","protected":false},"author":30,"featured_media":266279,"comment_status":"closed","ping_status":"closed","sticky":false,"template":"","format":"standard","meta":{"footnotes":""},"categories":[456,20724],"tags":[],"class_list":["post-266278","post","type-post","status-publish","format-standard","has-post-thumbnail","","category-arabe-internacional-politica","category-minuto-a-minuto"],"_links":{"self":[{"href":"https:\/\/archive.sana.sy\/es\/index.php?rest_route=\/wp\/v2\/posts\/266278"}],"collection":[{"href":"https:\/\/archive.sana.sy\/es\/index.php?rest_route=\/wp\/v2\/posts"}],"about":[{"href":"https:\/\/archive.sana.sy\/es\/index.php?rest_route=\/wp\/v2\/types\/post"}],"author":[{"embeddable":true,"href":"https:\/\/archive.sana.sy\/es\/index.php?rest_route=\/wp\/v2\/users\/30"}],"replies":[{"embeddable":true,"href":"https:\/\/archive.sana.sy\/es\/index.php?rest_route=%2Fwp%2Fv2%2Fcomments&post=266278"}],"version-history":[{"count":0,"href":"https:\/\/archive.sana.sy\/es\/index.php?rest_route=\/wp\/v2\/posts\/266278\/revisions"}],"wp:featuredmedia":[{"embeddable":true,"href":"https:\/\/archive.sana.sy\/es\/index.php?rest_route=\/wp\/v2\/media\/266279"}],"wp:attachment":[{"href":"https:\/\/archive.sana.sy\/es\/index.php?rest_route=%2Fwp%2Fv2%2Fmedia&parent=266278"}],"wp:term":[{"taxonomy":"category","embeddable":true,"href":"https:\/\/archive.sana.sy\/es\/index.php?rest_route=%2Fwp%2Fv2%2Fcategories&post=266278"},{"taxonomy":"post_tag","embeddable":true,"href":"https:\/\/archive.sana.sy\/es\/index.php?rest_route=%2Fwp%2Fv2%2Ftags&post=266278"}],"curies":[{"name":"wp","href":"https:\/\/api.w.org\/{rel}","templated":true}]}}