{"id":266301,"date":"2022-12-16T16:50:53","date_gmt":"2022-12-16T14:50:53","guid":{"rendered":"http:\/\/107.6.182.27\/es\/?p=266301"},"modified":"2022-12-16T19:15:01","modified_gmt":"2022-12-16T17:15:01","slug":"siria-y-unicef-abogan-por-desarrollar-cooperacion-conjunta","status":"publish","type":"post","link":"https:\/\/archive.sana.sy\/es\/?p=266301","title":{"rendered":"Siria y Unicef abogan por desarrollar cooperaci\u00f3n conjunta"},"content":{"rendered":"<blockquote>\n<p style=\"text-align: justify;\"><span style=\"color: #000000;\"><strong>Durante la reuni\u00f3n, debatieron los resultados del taller conjunto celebrado anteriormente para revisar el modelo propuesto de escuelas seguras y desarrollar pasos de acci\u00f3n posteriores a trav\u00e9s del establecimiento de talleres a nivel de Siria.<\/strong><\/span><\/p>\n<\/blockquote>\n<p style=\"text-align: justify;\"><span style=\"color: #800000;\"><strong>Damasco, 16 dic (SANA)<\/strong><\/span> El Ministro de Educaci\u00f3n, Darem Tabbaa, examin\u00f3 la v\u00edspera con la representante adjunta del Fondo de las Naciones Unidas para la Infancia (UNICEF) en Siria, Ghada Kagah Gi, y la delegaci\u00f3n acompa\u00f1ante, los mecanismos para desarrollar la cooperaci\u00f3n educativa entre ambas partes.<\/p>\n<p style=\"text-align: justify;\">Durante la reuni\u00f3n, debatieron los resultados del taller conjunto celebrado anteriormente para revisar el modelo propuesto de escuelas seguras y desarrollar pasos de acci\u00f3n posteriores a trav\u00e9s del establecimiento de talleres a nivel de Siria.<\/p>\n<p style=\"text-align: justify;\">Al respecto, el Titular de Educaci\u00f3n resalt\u00f3 la necesidad de la claridad del plan de acci\u00f3n para lograr buenos resultados.<\/p>\n<p style=\"text-align: justify;\">Por su parte, Kagah Gi destac\u00f3 la importancia de centrarse durante el plan de acci\u00f3n ejecutivo en los adolescentes no escolarizados y desarrollar un c\u00f3digo de conducta.<\/p>\n<p style=\"text-align: justify;\">Asimismo, la experta en desarrollo social de la Unicef, Patricia Rudy, se\u00f1al\u00f3 la necesidad de difundir la cultura del comportamiento positivo entre los ni\u00f1os, los maestros y la familia, activar los consejos de maestros y padres, as\u00ed como la necesidad de dise\u00f1ar un marco medi\u00e1tico basado en el c\u00f3digo de conducta escolar, que pueda desarrollarse en coordinaci\u00f3n entre el Ministerio y la UNICEF y enfocarse en j\u00f3venes y adolescentes.<\/p>\n<p style=\"text-align: justify;\"><em><strong>ah\/fm<\/strong><\/em><\/p>\n","protected":false},"excerpt":{"rendered":"<p>Durante la reuni\u00f3n, debatieron los resultados del taller conjunto celebrado anteriormente para revisar el modelo propuesto de escuelas seguras y desarrollar pasos de acci\u00f3n posteriores a trav\u00e9s del establecimiento de talleres a nivel de Siria. Damasco, 16 dic (SANA) El Ministro de Educaci\u00f3n, Darem Tabbaa, examin\u00f3 la v\u00edspera con la representante adjunta del Fondo de &hellip;<\/p>\n","protected":false},"author":30,"featured_media":266302,"comment_status":"closed","ping_status":"closed","sticky":false,"template":"","format":"standard","meta":{"footnotes":""},"categories":[597,20724,476,7541],"tags":[],"class_list":["post-266301","post","type-post","status-publish","format-standard","has-post-thumbnail","","category-cinta-de-noticias","category-minuto-a-minuto","category-locales","category-ultimas-noticias"],"_links":{"self":[{"href":"https:\/\/archive.sana.sy\/es\/index.php?rest_route=\/wp\/v2\/posts\/266301"}],"collection":[{"href":"https:\/\/archive.sana.sy\/es\/index.php?rest_route=\/wp\/v2\/posts"}],"about":[{"href":"https:\/\/archive.sana.sy\/es\/index.php?rest_route=\/wp\/v2\/types\/post"}],"author":[{"embeddable":true,"href":"https:\/\/archive.sana.sy\/es\/index.php?rest_route=\/wp\/v2\/users\/30"}],"replies":[{"embeddable":true,"href":"https:\/\/archive.sana.sy\/es\/index.php?rest_route=%2Fwp%2Fv2%2Fcomments&post=266301"}],"version-history":[{"count":0,"href":"https:\/\/archive.sana.sy\/es\/index.php?rest_route=\/wp\/v2\/posts\/266301\/revisions"}],"wp:featuredmedia":[{"embeddable":true,"href":"https:\/\/archive.sana.sy\/es\/index.php?rest_route=\/wp\/v2\/media\/266302"}],"wp:attachment":[{"href":"https:\/\/archive.sana.sy\/es\/index.php?rest_route=%2Fwp%2Fv2%2Fmedia&parent=266301"}],"wp:term":[{"taxonomy":"category","embeddable":true,"href":"https:\/\/archive.sana.sy\/es\/index.php?rest_route=%2Fwp%2Fv2%2Fcategories&post=266301"},{"taxonomy":"post_tag","embeddable":true,"href":"https:\/\/archive.sana.sy\/es\/index.php?rest_route=%2Fwp%2Fv2%2Ftags&post=266301"}],"curies":[{"name":"wp","href":"https:\/\/api.w.org\/{rel}","templated":true}]}}