{"id":266307,"date":"2022-12-16T10:37:28","date_gmt":"2022-12-16T08:37:28","guid":{"rendered":"http:\/\/107.6.182.27\/es\/?p=266307"},"modified":"2023-01-10T15:48:54","modified_gmt":"2023-01-10T13:48:54","slug":"ejercito-ucraniano-bombardea-stkhanov-en-lugansk-con-misiles-estadounidenses","status":"publish","type":"post","link":"https:\/\/archive.sana.sy\/es\/?p=266307","title":{"rendered":"Ej\u00e9rcito ucraniano bombardea Stkhanov en Lugansk con misiles estadounidenses"},"content":{"rendered":"<p style=\"text-align: justify;\"><span style=\"color: #800000;\"><strong>Lugansk, 16 dic (SANA)<\/strong><\/span> Las tropas ucranianas bombardearon hoy la ciudad de Stkhanov en la Rep\u00fablica Popular de Lugansk, con misiles estadounidenses HIMARS.<\/p>\n<p style=\"text-align: justify;\">\u201cTres cohetes HIMARS, de fabricaci\u00f3n estadounidense, impactaron en la referida ciudad\u201d cit\u00f3 Sputnik a la oficina de representaci\u00f3n de la Rep\u00fablica en el Centro Conjunto para el Monitoreo y la Coordinaci\u00f3n de Casos Relacionados con Cr\u00edmenes de Guerra en Ucrania.<\/p>\n<p style=\"text-align: justify;\">La v\u00edspera, las fuerzas ucranianas bombardearon la capital de la Rep\u00fablica Popular de Donetsk con cohetes Grad.<\/p>\n<p style=\"text-align: justify;\"><em><strong>ah\/fm<\/strong><\/em><\/p>\n","protected":false},"excerpt":{"rendered":"<p>Lugansk, 16 dic (SANA) Las tropas ucranianas bombardearon hoy la ciudad de Stkhanov en la Rep\u00fablica Popular de Lugansk, con misiles estadounidenses HIMARS. \u201cTres cohetes HIMARS, de fabricaci\u00f3n estadounidense, impactaron en la referida ciudad\u201d cit\u00f3 Sputnik a la oficina de representaci\u00f3n de la Rep\u00fablica en el Centro Conjunto para el Monitoreo y la Coordinaci\u00f3n de &hellip;<\/p>\n","protected":false},"author":30,"featured_media":266310,"comment_status":"closed","ping_status":"closed","sticky":false,"template":"","format":"standard","meta":{"footnotes":""},"categories":[456,20724],"tags":[],"class_list":["post-266307","post","type-post","status-publish","format-standard","has-post-thumbnail","","category-arabe-internacional-politica","category-minuto-a-minuto"],"_links":{"self":[{"href":"https:\/\/archive.sana.sy\/es\/index.php?rest_route=\/wp\/v2\/posts\/266307"}],"collection":[{"href":"https:\/\/archive.sana.sy\/es\/index.php?rest_route=\/wp\/v2\/posts"}],"about":[{"href":"https:\/\/archive.sana.sy\/es\/index.php?rest_route=\/wp\/v2\/types\/post"}],"author":[{"embeddable":true,"href":"https:\/\/archive.sana.sy\/es\/index.php?rest_route=\/wp\/v2\/users\/30"}],"replies":[{"embeddable":true,"href":"https:\/\/archive.sana.sy\/es\/index.php?rest_route=%2Fwp%2Fv2%2Fcomments&post=266307"}],"version-history":[{"count":0,"href":"https:\/\/archive.sana.sy\/es\/index.php?rest_route=\/wp\/v2\/posts\/266307\/revisions"}],"wp:featuredmedia":[{"embeddable":true,"href":"https:\/\/archive.sana.sy\/es\/index.php?rest_route=\/wp\/v2\/media\/266310"}],"wp:attachment":[{"href":"https:\/\/archive.sana.sy\/es\/index.php?rest_route=%2Fwp%2Fv2%2Fmedia&parent=266307"}],"wp:term":[{"taxonomy":"category","embeddable":true,"href":"https:\/\/archive.sana.sy\/es\/index.php?rest_route=%2Fwp%2Fv2%2Fcategories&post=266307"},{"taxonomy":"post_tag","embeddable":true,"href":"https:\/\/archive.sana.sy\/es\/index.php?rest_route=%2Fwp%2Fv2%2Ftags&post=266307"}],"curies":[{"name":"wp","href":"https:\/\/api.w.org\/{rel}","templated":true}]}}