{"id":266314,"date":"2022-12-16T12:09:24","date_gmt":"2022-12-16T10:09:24","guid":{"rendered":"http:\/\/107.6.182.27\/es\/?p=266314"},"modified":"2023-01-10T15:48:54","modified_gmt":"2023-01-10T13:48:54","slug":"iran-estados-unidos-violo-los-procedimientos-legales-de-la-onu-con-intimidacion-e-hipocresia","status":"publish","type":"post","link":"https:\/\/archive.sana.sy\/es\/?p=266314","title":{"rendered":"Ir\u00e1n: Estados Unidos viol\u00f3 los procedimientos legales de la ONU con intimidaci\u00f3n e hipocres\u00eda"},"content":{"rendered":"<blockquote>\n<p style=\"text-align: justify;\"><strong><span style=\"color: #ff6600;\">\u201cSi realmente buscamos una soluci\u00f3n a las crisis globales, debemos oponernos a tales medidas unilaterales e ilegales, de lo contrario, tarde o temprano todos enfrentaremos las consecuencias catastr\u00f3ficas de tal enfoque\u201d, resalt\u00f3 Irwani en la Conferencia de Cancilleres del Grupo de los 77 y China.<\/span><\/strong><\/p>\n<\/blockquote>\n<p style=\"text-align: justify;\"><span style=\"color: #800000;\">Teher\u00e1n, 16 dic (SANA)<\/span> El embajador y representante permanente de Ir\u00e1n ante las Naciones Unidas, Amir Saeed Irwani, enfatiz\u00f3 que Estados Unidos viol\u00f3 los procedimientos legales con su dictadura unilateral, intimidaci\u00f3n e hipocres\u00eda al poner fin ilegalmente a la membres\u00eda de Ir\u00e1n en la Comisi\u00f3n de Derechos de Mujeres de las Naciones Unidas.<\/p>\n<p style=\"text-align: justify;\">\u201cSi realmente buscamos una soluci\u00f3n a las crisis globales, debemos oponernos a tales medidas unilaterales e ilegales, de lo contrario, tarde o temprano todos enfrentaremos las consecuencias catastr\u00f3ficas de tal enfoque\u201d, resalt\u00f3 Irwani en la Conferencia de Cancilleres del Grupo de los 77 y China.<\/p>\n<p style=\"text-align: justify;\">Asimismo, consider\u00f3 que la crisis actual m\u00e1s prominente en el mundo es el riesgo de adoptar enfoques unilaterales a los problemas multilaterales.<\/p>\n<p style=\"text-align: justify;\">El embajador persa destac\u00f3 que el Grupo de los 77 es la mayor alianza intergubernamental de pa\u00edses en desarrollo, una herramienta para asegurar los intereses colectivos y mejorar la capacidad de negociaci\u00f3n conjunta de estos pa\u00edses en t\u00e9rminos de los principales temas econ\u00f3micos internacionales en el sistema de Naciones Unidas.<\/p>\n<p style=\"text-align: justify;\"><em><strong>ah\/fm<\/strong><\/em><\/p>\n","protected":false},"excerpt":{"rendered":"<p>\u201cSi realmente buscamos una soluci\u00f3n a las crisis globales, debemos oponernos a tales medidas unilaterales e ilegales, de lo contrario, tarde o temprano todos enfrentaremos las consecuencias catastr\u00f3ficas de tal enfoque\u201d, resalt\u00f3 Irwani en la Conferencia de Cancilleres del Grupo de los 77 y China. Teher\u00e1n, 16 dic (SANA) El embajador y representante permanente de &hellip;<\/p>\n","protected":false},"author":30,"featured_media":266315,"comment_status":"closed","ping_status":"closed","sticky":false,"template":"","format":"standard","meta":{"footnotes":""},"categories":[456,20724],"tags":[],"class_list":["post-266314","post","type-post","status-publish","format-standard","has-post-thumbnail","","category-arabe-internacional-politica","category-minuto-a-minuto"],"_links":{"self":[{"href":"https:\/\/archive.sana.sy\/es\/index.php?rest_route=\/wp\/v2\/posts\/266314"}],"collection":[{"href":"https:\/\/archive.sana.sy\/es\/index.php?rest_route=\/wp\/v2\/posts"}],"about":[{"href":"https:\/\/archive.sana.sy\/es\/index.php?rest_route=\/wp\/v2\/types\/post"}],"author":[{"embeddable":true,"href":"https:\/\/archive.sana.sy\/es\/index.php?rest_route=\/wp\/v2\/users\/30"}],"replies":[{"embeddable":true,"href":"https:\/\/archive.sana.sy\/es\/index.php?rest_route=%2Fwp%2Fv2%2Fcomments&post=266314"}],"version-history":[{"count":0,"href":"https:\/\/archive.sana.sy\/es\/index.php?rest_route=\/wp\/v2\/posts\/266314\/revisions"}],"wp:featuredmedia":[{"embeddable":true,"href":"https:\/\/archive.sana.sy\/es\/index.php?rest_route=\/wp\/v2\/media\/266315"}],"wp:attachment":[{"href":"https:\/\/archive.sana.sy\/es\/index.php?rest_route=%2Fwp%2Fv2%2Fmedia&parent=266314"}],"wp:term":[{"taxonomy":"category","embeddable":true,"href":"https:\/\/archive.sana.sy\/es\/index.php?rest_route=%2Fwp%2Fv2%2Fcategories&post=266314"},{"taxonomy":"post_tag","embeddable":true,"href":"https:\/\/archive.sana.sy\/es\/index.php?rest_route=%2Fwp%2Fv2%2Ftags&post=266314"}],"curies":[{"name":"wp","href":"https:\/\/api.w.org\/{rel}","templated":true}]}}