{"id":266321,"date":"2022-12-16T13:07:02","date_gmt":"2022-12-16T11:07:02","guid":{"rendered":"http:\/\/107.6.182.27\/es\/?p=266321"},"modified":"2023-01-10T15:48:54","modified_gmt":"2023-01-10T13:48:54","slug":"nueva-resolucion-de-la-onu-confirma-derecho-del-pueblo-palestino-a-la-autodeterminacion","status":"publish","type":"post","link":"https:\/\/archive.sana.sy\/es\/?p=266321","title":{"rendered":"Nueva resoluci\u00f3n de la ONU confirma derecho del pueblo palestino a la autodeterminaci\u00f3n"},"content":{"rendered":"<blockquote>\n<p style=\"text-align: justify;\"><span style=\"color: #800000;\"><em><strong>Asimismo, el Canciller palestino llam\u00f3 a los pa\u00edses que votaron en contra de la resoluci\u00f3n o aquellos que se abstuvieron a revisar sus posiciones, y consider\u00f3 que sus posturas representa una grave violaci\u00f3n de los principios del derecho internacional, y convierte a estos pa\u00edses en socios del ocupante israel\u00ed y c\u00f3mplices en sus cr\u00edmenes contra los palestinos.<\/strong><\/em><\/span><\/p>\n<\/blockquote>\n<p style=\"text-align: justify;\"><span style=\"color: #000000;\"><strong>Nueva York, 16 dic (SANA)<\/strong> \u00a0<\/span>La Asamblea General de las Naciones Unidas adopt\u00f3 por mayor\u00eda de votos una resoluci\u00f3n que confirma el derecho del pueblo palestino a la libre determinaci\u00f3n.<\/p>\n<p style=\"text-align: justify;\">168 pa\u00edses votaron a favor de la resoluci\u00f3n, 6 votaron en contra y 8 se abstuvieron.<\/p>\n<p style=\"text-align: justify;\">El ministro de Exteriores de Palestina, Riad al-Maliki, enfatiz\u00f3 que la adopci\u00f3n de esta resoluci\u00f3n que respalda el derecho del pueblo palestino a la autodeterminaci\u00f3n por la mayor\u00eda de la los Estados de la Asamblea confirma la justa causa palestina y el fracaso de la entidad de ocupaci\u00f3n israel\u00ed.<\/p>\n<p style=\"text-align: justify;\">Asimismo, el Canciller palestino llam\u00f3 a los pa\u00edses que votaron en contra de la resoluci\u00f3n o aquellos que se abstuvieron a revisar sus posiciones, y consider\u00f3 que sus posturas representa una grave violaci\u00f3n de los principios del derecho internacional, y convierte a estos pa\u00edses en socios del ocupante israel\u00ed y c\u00f3mplices en sus cr\u00edmenes contra los palestinos.<\/p>\n<p style=\"text-align: justify;\">Inst\u00f3 a la comunidad internacional para que asuma sus responsabilidades de proteger los derechos inalienables del pueblo palestino a establecer su estado independiente con Jerusal\u00e9n como su capital, y que responsabilice al ocupante israel\u00ed por sus continuos cr\u00edmenes.<\/p>\n<p style=\"text-align: justify;\">ah\/sm\/fm<\/p>\n","protected":false},"excerpt":{"rendered":"<p>Asimismo, el Canciller palestino llam\u00f3 a los pa\u00edses que votaron en contra de la resoluci\u00f3n o aquellos que se abstuvieron a revisar sus posiciones, y consider\u00f3 que sus posturas representa una grave violaci\u00f3n de los principios del derecho internacional, y convierte a estos pa\u00edses en socios del ocupante israel\u00ed y c\u00f3mplices en sus cr\u00edmenes contra &hellip;<\/p>\n","protected":false},"author":39,"featured_media":266322,"comment_status":"closed","ping_status":"closed","sticky":false,"template":"","format":"standard","meta":{"footnotes":""},"categories":[597,456,583],"tags":[21657,8799,11303,20268],"class_list":["post-266321","post","type-post","status-publish","format-standard","has-post-thumbnail","","category-cinta-de-noticias","category-arabe-internacional-politica","category-slide","tag-autodeterminacion","tag-onu","tag-pueblo-palestino","tag-resolucion"],"_links":{"self":[{"href":"https:\/\/archive.sana.sy\/es\/index.php?rest_route=\/wp\/v2\/posts\/266321"}],"collection":[{"href":"https:\/\/archive.sana.sy\/es\/index.php?rest_route=\/wp\/v2\/posts"}],"about":[{"href":"https:\/\/archive.sana.sy\/es\/index.php?rest_route=\/wp\/v2\/types\/post"}],"author":[{"embeddable":true,"href":"https:\/\/archive.sana.sy\/es\/index.php?rest_route=\/wp\/v2\/users\/39"}],"replies":[{"embeddable":true,"href":"https:\/\/archive.sana.sy\/es\/index.php?rest_route=%2Fwp%2Fv2%2Fcomments&post=266321"}],"version-history":[{"count":0,"href":"https:\/\/archive.sana.sy\/es\/index.php?rest_route=\/wp\/v2\/posts\/266321\/revisions"}],"wp:featuredmedia":[{"embeddable":true,"href":"https:\/\/archive.sana.sy\/es\/index.php?rest_route=\/wp\/v2\/media\/266322"}],"wp:attachment":[{"href":"https:\/\/archive.sana.sy\/es\/index.php?rest_route=%2Fwp%2Fv2%2Fmedia&parent=266321"}],"wp:term":[{"taxonomy":"category","embeddable":true,"href":"https:\/\/archive.sana.sy\/es\/index.php?rest_route=%2Fwp%2Fv2%2Fcategories&post=266321"},{"taxonomy":"post_tag","embeddable":true,"href":"https:\/\/archive.sana.sy\/es\/index.php?rest_route=%2Fwp%2Fv2%2Ftags&post=266321"}],"curies":[{"name":"wp","href":"https:\/\/api.w.org\/{rel}","templated":true}]}}