{"id":266346,"date":"2022-12-16T15:48:29","date_gmt":"2022-12-16T13:48:29","guid":{"rendered":"http:\/\/107.6.182.27\/es\/?p=266346"},"modified":"2023-01-10T15:48:52","modified_gmt":"2023-01-10T13:48:52","slug":"pedro-castillo-eeuu-esta-detras-de-uso-de-militares-durante-las-protestas-en-peru","status":"publish","type":"post","link":"https:\/\/archive.sana.sy\/es\/?p=266346","title":{"rendered":"Pedro Castillo: EEUU est\u00e1 detr\u00e1s de uso de militares durante las protestas en Per\u00fa"},"content":{"rendered":"<blockquote>\n<p style=\"text-align: justify;\"><span style=\"color: #800000;\"><em><strong>&#8220;\u00a1Alerta compatriotas! La visita de la embajadora de EEUU a Palacio de Gobierno no fue gratis, tampoco a favor del pa\u00eds. Fue para dar la orden de sacar las tropas a las calles y masacrar a mi pueblo indefenso; y, de paso, dejar el camino libre para las explotaciones mineras, como el caso de Conga, T\u00eda Mar\u00eda y otros. De esto la prensa peruana no solo callar\u00e1 sino que la negar\u00e1 as\u00ed de f\u00e1cil&#8221;<\/strong><\/em><\/span><\/p>\n<\/blockquote>\n<p style=\"text-align: justify;\"><strong>Lima, 16 dic (SANA)<\/strong> El expresidente de Ecuador, Pedro Castillo, acus\u00f3 al Gobierno de EEUU de estar detr\u00e1s del uso de efectivos del Ej\u00e9rcito para controlar las protestas sociales, con intereses de que se concreten algunos proyectos mineros.<\/p>\n<p style=\"text-align: justify;\">&#8220;\u00a1Alerta compatriotas! La visita de la embajadora de EEUU a Palacio de Gobierno no fue gratis, tampoco a favor del pa\u00eds. Fue para dar la orden de sacar las tropas a las calles y masacrar a mi pueblo indefenso; y, de paso, dejar el camino libre para las explotaciones mineras, como el caso de Conga, T\u00eda Mar\u00eda y otros. De esto la prensa peruana no solo callar\u00e1 sino que la negar\u00e1 as\u00ed de f\u00e1cil&#8221;, indic\u00f3 Castillo a trav\u00e9s de su cuenta en Twitter, citado por sputnik.<\/p>\n<p style=\"text-align: justify;\">En la v\u00edspera, la presidenta de Per\u00fa, Dina Boluarte, sostuvo una reuni\u00f3n con la embajadora de EEUU en Lima, Lisa Kenna.<\/p>\n<p style=\"text-align: justify;\">Seg\u00fan la Presidencia peruana, en la reuni\u00f3n, Kenna le manifest\u00f3 a Boluarte el apoyo de su pa\u00eds al sistema democr\u00e1tico peruano.<\/p>\n<p style=\"text-align: justify;\">Castillo se encuentra detenido en una sede policial de Lima, investigado por la fiscal\u00eda por el presunto delito de rebeli\u00f3n, entre otros.<\/p>\n<p style=\"text-align: justify;\">fm\/sm<\/p>\n","protected":false},"excerpt":{"rendered":"<p>&#8220;\u00a1Alerta compatriotas! La visita de la embajadora de EEUU a Palacio de Gobierno no fue gratis, tampoco a favor del pa\u00eds. Fue para dar la orden de sacar las tropas a las calles y masacrar a mi pueblo indefenso; y, de paso, dejar el camino libre para las explotaciones mineras, como el caso de Conga, &hellip;<\/p>\n","protected":false},"author":39,"featured_media":266347,"comment_status":"closed","ping_status":"closed","sticky":false,"template":"","format":"standard","meta":{"footnotes":""},"categories":[597,456,7541],"tags":[20304,7132,21111,20877,19608],"class_list":["post-266346","post","type-post","status-publish","format-standard","has-post-thumbnail","","category-cinta-de-noticias","category-arabe-internacional-politica","category-ultimas-noticias","tag-castillo","tag-eeuu","tag-militares","tag-peru","tag-protestas"],"_links":{"self":[{"href":"https:\/\/archive.sana.sy\/es\/index.php?rest_route=\/wp\/v2\/posts\/266346"}],"collection":[{"href":"https:\/\/archive.sana.sy\/es\/index.php?rest_route=\/wp\/v2\/posts"}],"about":[{"href":"https:\/\/archive.sana.sy\/es\/index.php?rest_route=\/wp\/v2\/types\/post"}],"author":[{"embeddable":true,"href":"https:\/\/archive.sana.sy\/es\/index.php?rest_route=\/wp\/v2\/users\/39"}],"replies":[{"embeddable":true,"href":"https:\/\/archive.sana.sy\/es\/index.php?rest_route=%2Fwp%2Fv2%2Fcomments&post=266346"}],"version-history":[{"count":0,"href":"https:\/\/archive.sana.sy\/es\/index.php?rest_route=\/wp\/v2\/posts\/266346\/revisions"}],"wp:featuredmedia":[{"embeddable":true,"href":"https:\/\/archive.sana.sy\/es\/index.php?rest_route=\/wp\/v2\/media\/266347"}],"wp:attachment":[{"href":"https:\/\/archive.sana.sy\/es\/index.php?rest_route=%2Fwp%2Fv2%2Fmedia&parent=266346"}],"wp:term":[{"taxonomy":"category","embeddable":true,"href":"https:\/\/archive.sana.sy\/es\/index.php?rest_route=%2Fwp%2Fv2%2Fcategories&post=266346"},{"taxonomy":"post_tag","embeddable":true,"href":"https:\/\/archive.sana.sy\/es\/index.php?rest_route=%2Fwp%2Fv2%2Ftags&post=266346"}],"curies":[{"name":"wp","href":"https:\/\/api.w.org\/{rel}","templated":true}]}}