{"id":266350,"date":"2022-12-16T16:49:08","date_gmt":"2022-12-16T14:49:08","guid":{"rendered":"http:\/\/107.6.182.27\/es\/?p=266350"},"modified":"2023-01-10T15:48:52","modified_gmt":"2023-01-10T13:48:52","slug":"china-ante-la-china-nos-oponemos-a-la-politizacion-de-la-lucha-contra-terrorismo","status":"publish","type":"post","link":"https:\/\/archive.sana.sy\/es\/?p=266350","title":{"rendered":"China: Nos oponemos a la politizaci\u00f3n de la lucha contra terrorismo"},"content":{"rendered":"<blockquote>\n<p style=\"text-align: justify;\"><em><span style=\"color: #800000;\"><strong>\u201cLa politizaci\u00f3n y explotaci\u00f3n del tema del terrorismo y la pr\u00e1ctica de dobles raseros o un enfoque selectivo en \u00faltima instancia, da\u00f1ar\u00e1n a todos y socavar\u00e1n la cooperaci\u00f3n global integral para combatir el terrorismo\u201d<\/strong><\/span><\/em><\/p>\n<\/blockquote>\n<p style=\"text-align: justify;\"><strong>Naciones Unidas, 16 dic (SANA)\u00a0<\/strong> China expres\u00f3 su oposici\u00f3n a los dobles raseros y a la politizaci\u00f3n de las cuestiones relativas a la lucha antiterrorista.<\/p>\n<p style=\"text-align: justify;\">Esta postura de Pek\u00edn fue anunciada por el representante permanente de China ante las Naciones Unidas, Zhang Jun, durante una reuni\u00f3n del Consejo de Seguridad dedicada a discutir la adopci\u00f3n de un enfoque global para combatir el terrorismo.<\/p>\n<p style=\"text-align: justify;\">Citado por la agencia Xinhua, el delegado manifest\u00f3 la disposici\u00f3n de trabajar con otros pa\u00edses para implementar la Iniciativa de Seguridad Global y la Iniciativa de Desarrollo Global y hacer nuevas contribuciones a los esfuerzos internacionales para combatir el terrorismo.<\/p>\n<p style=\"text-align: justify;\">\u201cLa politizaci\u00f3n y explotaci\u00f3n del tema del terrorismo y la pr\u00e1ctica de dobles raseros o un enfoque selectivo en \u00faltima instancia, da\u00f1ar\u00e1n a todos y socavar\u00e1n la cooperaci\u00f3n global integral para combatir el terrorismo\u201d, precis\u00f3 el diplom\u00e1tico.<\/p>\n<p style=\"text-align: justify;\">Agreg\u00f3 que el terrorismo representa un desaf\u00edo global y ning\u00fan pa\u00eds tiene la capacidad de enfrentarlo solo, ya que todos los pa\u00edses deben implementar de manera integral todas las resoluciones contra el terrorismo emitidas por la Asamblea General y el Consejo de Seguridad.<\/p>\n<p style=\"text-align: justify;\">sm\/fm<\/p>\n","protected":false},"excerpt":{"rendered":"<p>\u201cLa politizaci\u00f3n y explotaci\u00f3n del tema del terrorismo y la pr\u00e1ctica de dobles raseros o un enfoque selectivo en \u00faltima instancia, da\u00f1ar\u00e1n a todos y socavar\u00e1n la cooperaci\u00f3n global integral para combatir el terrorismo\u201d Naciones Unidas, 16 dic (SANA)\u00a0 China expres\u00f3 su oposici\u00f3n a los dobles raseros y a la politizaci\u00f3n de las cuestiones relativas &hellip;<\/p>\n","protected":false},"author":39,"featured_media":266351,"comment_status":"closed","ping_status":"closed","sticky":false,"template":"","format":"standard","meta":{"footnotes":""},"categories":[597,456,20724,7541],"tags":[10768,20107,21666,21665,19642],"class_list":["post-266350","post","type-post","status-publish","format-standard","has-post-thumbnail","","category-cinta-de-noticias","category-arabe-internacional-politica","category-minuto-a-minuto","category-ultimas-noticias","tag-china","tag-lucha","tag-nos-oponemos","tag-politizacion","tag-terrorismo"],"_links":{"self":[{"href":"https:\/\/archive.sana.sy\/es\/index.php?rest_route=\/wp\/v2\/posts\/266350"}],"collection":[{"href":"https:\/\/archive.sana.sy\/es\/index.php?rest_route=\/wp\/v2\/posts"}],"about":[{"href":"https:\/\/archive.sana.sy\/es\/index.php?rest_route=\/wp\/v2\/types\/post"}],"author":[{"embeddable":true,"href":"https:\/\/archive.sana.sy\/es\/index.php?rest_route=\/wp\/v2\/users\/39"}],"replies":[{"embeddable":true,"href":"https:\/\/archive.sana.sy\/es\/index.php?rest_route=%2Fwp%2Fv2%2Fcomments&post=266350"}],"version-history":[{"count":0,"href":"https:\/\/archive.sana.sy\/es\/index.php?rest_route=\/wp\/v2\/posts\/266350\/revisions"}],"wp:featuredmedia":[{"embeddable":true,"href":"https:\/\/archive.sana.sy\/es\/index.php?rest_route=\/wp\/v2\/media\/266351"}],"wp:attachment":[{"href":"https:\/\/archive.sana.sy\/es\/index.php?rest_route=%2Fwp%2Fv2%2Fmedia&parent=266350"}],"wp:term":[{"taxonomy":"category","embeddable":true,"href":"https:\/\/archive.sana.sy\/es\/index.php?rest_route=%2Fwp%2Fv2%2Fcategories&post=266350"},{"taxonomy":"post_tag","embeddable":true,"href":"https:\/\/archive.sana.sy\/es\/index.php?rest_route=%2Fwp%2Fv2%2Ftags&post=266350"}],"curies":[{"name":"wp","href":"https:\/\/api.w.org\/{rel}","templated":true}]}}