{"id":266368,"date":"2022-12-16T17:53:48","date_gmt":"2022-12-16T15:53:48","guid":{"rendered":"http:\/\/107.6.182.27\/es\/?p=266368"},"modified":"2023-01-10T15:48:52","modified_gmt":"2023-01-10T13:48:52","slug":"ultimos-soldados-franceses-abandonan-la-republica-centroafricana","status":"publish","type":"post","link":"https:\/\/archive.sana.sy\/es\/?p=266368","title":{"rendered":"\u00daltimos soldados franceses abandonan la Rep\u00fablica Centroafricana"},"content":{"rendered":"<blockquote><p>\u00a0Tambi\u00e9n, en agosto pasado el gobierno de transici\u00f3n en Mali expuls\u00f3 a los militares franceses de su territorio, en medio, seg\u00fan analistas, de un sentimiento contra Francia en la regi\u00f3n del Sahel, por un supuesto intento de dominaci\u00f3n e intromisi\u00f3n en los asuntos internos de naciones del \u00e1rea.<\/p><\/blockquote>\n<p><span style=\"color: #800000;\"><strong>Damasco, 16 dic (SANA)<\/strong><\/span>\u00a0 Los \u00faltimos 47 soldados franceses desplegados en la Rep\u00fablica Centroafricana abandonaron este territorio, inform\u00f3 la agencia Prensa Latina.<\/p>\n<p>Esos militares, parte de un contingente de 130 efectivos del Ej\u00e9rcito del pa\u00eds europeo, partieron desde Bangui, la capital, en un avi\u00f3n de carga C-130, hacia un destino no revelado, de acuerdo con el portal digital \u00c1frica News.<\/p>\n<p>Con anterioridad, en 2013 Francia envi\u00f3 a la naci\u00f3n africana unos mil 600 uniformados, conglomerado que ten\u00eda entre sus declarados objetivos contribuir a la estabilizaci\u00f3n tras un golpe de Estado.<\/p>\n<p>Tambi\u00e9n, en agosto pasado el gobierno de transici\u00f3n en Mali expuls\u00f3 a los militares franceses de su territorio, en medio, seg\u00fan analistas, de un sentimiento contra Francia en la regi\u00f3n del Sahel, por un supuesto intento de dominaci\u00f3n e intromisi\u00f3n en los asuntos internos de naciones del \u00e1rea.<\/p>\n<p>Rep\u00fablica Centroafricana, antigua colonia gala, sufre una prolongada crisis pol\u00edtica, social y de seguridad desde 2013, a\u00f1o en que fue apartado del poder el entonces mandatario Fran\u00e7ois Boziz\u00e9<\/p>\n<p>fm\/lch<\/p>\n","protected":false},"excerpt":{"rendered":"<p>\u00a0Tambi\u00e9n, en agosto pasado el gobierno de transici\u00f3n en Mali expuls\u00f3 a los militares franceses de su territorio, en medio, seg\u00fan analistas, de un sentimiento contra Francia en la regi\u00f3n del Sahel, por un supuesto intento de dominaci\u00f3n e intromisi\u00f3n en los asuntos internos de naciones del \u00e1rea. Damasco, 16 dic (SANA)\u00a0 Los \u00faltimos 47 &hellip;<\/p>\n","protected":false},"author":41,"featured_media":266369,"comment_status":"closed","ping_status":"closed","sticky":false,"template":"","format":"standard","meta":{"footnotes":""},"categories":[456],"tags":[],"class_list":["post-266368","post","type-post","status-publish","format-standard","has-post-thumbnail","","category-arabe-internacional-politica"],"_links":{"self":[{"href":"https:\/\/archive.sana.sy\/es\/index.php?rest_route=\/wp\/v2\/posts\/266368"}],"collection":[{"href":"https:\/\/archive.sana.sy\/es\/index.php?rest_route=\/wp\/v2\/posts"}],"about":[{"href":"https:\/\/archive.sana.sy\/es\/index.php?rest_route=\/wp\/v2\/types\/post"}],"author":[{"embeddable":true,"href":"https:\/\/archive.sana.sy\/es\/index.php?rest_route=\/wp\/v2\/users\/41"}],"replies":[{"embeddable":true,"href":"https:\/\/archive.sana.sy\/es\/index.php?rest_route=%2Fwp%2Fv2%2Fcomments&post=266368"}],"version-history":[{"count":0,"href":"https:\/\/archive.sana.sy\/es\/index.php?rest_route=\/wp\/v2\/posts\/266368\/revisions"}],"wp:featuredmedia":[{"embeddable":true,"href":"https:\/\/archive.sana.sy\/es\/index.php?rest_route=\/wp\/v2\/media\/266369"}],"wp:attachment":[{"href":"https:\/\/archive.sana.sy\/es\/index.php?rest_route=%2Fwp%2Fv2%2Fmedia&parent=266368"}],"wp:term":[{"taxonomy":"category","embeddable":true,"href":"https:\/\/archive.sana.sy\/es\/index.php?rest_route=%2Fwp%2Fv2%2Fcategories&post=266368"},{"taxonomy":"post_tag","embeddable":true,"href":"https:\/\/archive.sana.sy\/es\/index.php?rest_route=%2Fwp%2Fv2%2Ftags&post=266368"}],"curies":[{"name":"wp","href":"https:\/\/api.w.org\/{rel}","templated":true}]}}