{"id":266446,"date":"2022-12-17T14:57:22","date_gmt":"2022-12-17T12:57:22","guid":{"rendered":"http:\/\/107.6.182.27\/es\/?p=266446"},"modified":"2023-01-10T15:48:50","modified_gmt":"2023-01-10T13:48:50","slug":"the-guardian-hallan-restos-de-cocaina-en-las-residencias-de-liz-truss-y-boris-johnson","status":"publish","type":"post","link":"https:\/\/archive.sana.sy\/es\/?p=266446","title":{"rendered":"The Guardian: hallan restos de coca\u00edna en las residencias de Liz Truss y Boris Johnson"},"content":{"rendered":"<p style=\"text-align: justify;\"><span style=\"color: #800000;\"><strong>Damasco, 17 dic (SANA)\u00a0<\/strong> <\/span>Restos de coca\u00edna fueron encontrados por el personal que trabaja en residencias del Gobierno brit\u00e1nico tras fiestas en las que estaban presentes aliados pol\u00edticos de Liz Truss, ex primera ministra y secretaria de Relaciones Exteriores del Reino Unido, inform\u00f3 el peri\u00f3dico &#8216;The Guardian&#8217;.<\/p>\n<p style=\"text-align: justify;\">El polvo blanco fue descubierto en la finca de Chevening el verano pasado, d\u00edas antes de que Truss se convirtiera en primera ministra, seg\u00fan las fuentes.<\/p>\n<p style=\"text-align: justify;\">Las fuentes agregaron que la droga estuvo presente en al menos dos fiestas: una celebrada a finales de agosto, en plena campa\u00f1a pol\u00edtica de Truss, y otra el primer fin de semana de septiembre, pocos d\u00edas antes de que obtuviera el cargo. Se considera que la ex primera ministra y sus aliados pol\u00edticos estuvieron presentes en ambos actos.<\/p>\n<p style=\"text-align: justify;\">Fuente: Sputnik<\/p>\n","protected":false},"excerpt":{"rendered":"<p>Damasco, 17 dic (SANA)\u00a0 Restos de coca\u00edna fueron encontrados por el personal que trabaja en residencias del Gobierno brit\u00e1nico tras fiestas en las que estaban presentes aliados pol\u00edticos de Liz Truss, ex primera ministra y secretaria de Relaciones Exteriores del Reino Unido, inform\u00f3 el peri\u00f3dico &#8216;The Guardian&#8217;. El polvo blanco fue descubierto en la finca &hellip;<\/p>\n","protected":false},"author":39,"featured_media":266447,"comment_status":"closed","ping_status":"closed","sticky":false,"template":"","format":"standard","meta":{"footnotes":""},"categories":[597,456,20724,7541],"tags":[],"class_list":["post-266446","post","type-post","status-publish","format-standard","has-post-thumbnail","","category-cinta-de-noticias","category-arabe-internacional-politica","category-minuto-a-minuto","category-ultimas-noticias"],"_links":{"self":[{"href":"https:\/\/archive.sana.sy\/es\/index.php?rest_route=\/wp\/v2\/posts\/266446"}],"collection":[{"href":"https:\/\/archive.sana.sy\/es\/index.php?rest_route=\/wp\/v2\/posts"}],"about":[{"href":"https:\/\/archive.sana.sy\/es\/index.php?rest_route=\/wp\/v2\/types\/post"}],"author":[{"embeddable":true,"href":"https:\/\/archive.sana.sy\/es\/index.php?rest_route=\/wp\/v2\/users\/39"}],"replies":[{"embeddable":true,"href":"https:\/\/archive.sana.sy\/es\/index.php?rest_route=%2Fwp%2Fv2%2Fcomments&post=266446"}],"version-history":[{"count":0,"href":"https:\/\/archive.sana.sy\/es\/index.php?rest_route=\/wp\/v2\/posts\/266446\/revisions"}],"wp:featuredmedia":[{"embeddable":true,"href":"https:\/\/archive.sana.sy\/es\/index.php?rest_route=\/wp\/v2\/media\/266447"}],"wp:attachment":[{"href":"https:\/\/archive.sana.sy\/es\/index.php?rest_route=%2Fwp%2Fv2%2Fmedia&parent=266446"}],"wp:term":[{"taxonomy":"category","embeddable":true,"href":"https:\/\/archive.sana.sy\/es\/index.php?rest_route=%2Fwp%2Fv2%2Fcategories&post=266446"},{"taxonomy":"post_tag","embeddable":true,"href":"https:\/\/archive.sana.sy\/es\/index.php?rest_route=%2Fwp%2Fv2%2Ftags&post=266446"}],"curies":[{"name":"wp","href":"https:\/\/api.w.org\/{rel}","templated":true}]}}