{"id":266537,"date":"2022-12-18T13:57:47","date_gmt":"2022-12-18T11:57:47","guid":{"rendered":"http:\/\/107.6.182.27\/es\/?p=266537"},"modified":"2023-01-10T15:48:47","modified_gmt":"2023-01-10T13:48:47","slug":"caracas-rechaza-la-supuesta-ley-bolivar-de-ee-uu-contra-el-gobierno-de-venezuela","status":"publish","type":"post","link":"https:\/\/archive.sana.sy\/es\/?p=266537","title":{"rendered":"Caracas rechaza la supuesta &#8220;Ley Bol\u00edvar&#8221; de EE.UU. contra el Gobierno de Venezuela"},"content":{"rendered":"<p style=\"text-align: justify;\"><span style=\"color: #800000;\"><strong>Caracas, 18 dic (SANA)<\/strong> <\/span>Venezuela rechaz\u00f3 el proyecto de ley, conocido como &#8216;Ley Bol\u00edvar&#8217;, aprobada por el Senado de EE.UU. y que proh\u00edbe a sus agencias federales hacer negocios con cualquier persona que apoye al Gobierno de Nicol\u00e1s Maduro.<\/p>\n<p style=\"text-align: justify;\">&#8220;El Gobierno de la Rep\u00fablica Bolivariana de Venezuela condena en\u00e9rgicamente un nuevo intento por parte del Congreso estadounidense de vulnerar los derechos econ\u00f3micos del pueblo venezolano y ofender la memoria del Libertador, Sim\u00f3n Bol\u00edvar&#8221;, declar\u00f3 en su cuenta de Twitter el canciller venezolano, Carlos Far\u00eda, citado por la cadena rusa RT.<\/p>\n<p style=\"text-align: justify;\">En un comunicado oficial Caracas tach\u00f3 al documento de &#8220;una grave ofensa al pueblo venezolano&#8221; que viola &#8220;la integridad del pueblo soberano de Venezuela, as\u00ed como la de las mismas empresas estadounidenses, al colocarlas en riesgo de ser penalizadas, de manera arbitraria, injusta e ilegalmente.<\/p>\n<p style=\"text-align: justify;\">fm<\/p>\n<p style=\"text-align: justify;\">\n","protected":false},"excerpt":{"rendered":"<p>Caracas, 18 dic (SANA) Venezuela rechaz\u00f3 el proyecto de ley, conocido como &#8216;Ley Bol\u00edvar&#8217;, aprobada por el Senado de EE.UU. y que proh\u00edbe a sus agencias federales hacer negocios con cualquier persona que apoye al Gobierno de Nicol\u00e1s Maduro. &#8220;El Gobierno de la Rep\u00fablica Bolivariana de Venezuela condena en\u00e9rgicamente un nuevo intento por parte del &hellip;<\/p>\n","protected":false},"author":34,"featured_media":266538,"comment_status":"closed","ping_status":"closed","sticky":false,"template":"","format":"standard","meta":{"footnotes":""},"categories":[597,456,20724,7541],"tags":[],"class_list":["post-266537","post","type-post","status-publish","format-standard","has-post-thumbnail","","category-cinta-de-noticias","category-arabe-internacional-politica","category-minuto-a-minuto","category-ultimas-noticias"],"_links":{"self":[{"href":"https:\/\/archive.sana.sy\/es\/index.php?rest_route=\/wp\/v2\/posts\/266537"}],"collection":[{"href":"https:\/\/archive.sana.sy\/es\/index.php?rest_route=\/wp\/v2\/posts"}],"about":[{"href":"https:\/\/archive.sana.sy\/es\/index.php?rest_route=\/wp\/v2\/types\/post"}],"author":[{"embeddable":true,"href":"https:\/\/archive.sana.sy\/es\/index.php?rest_route=\/wp\/v2\/users\/34"}],"replies":[{"embeddable":true,"href":"https:\/\/archive.sana.sy\/es\/index.php?rest_route=%2Fwp%2Fv2%2Fcomments&post=266537"}],"version-history":[{"count":0,"href":"https:\/\/archive.sana.sy\/es\/index.php?rest_route=\/wp\/v2\/posts\/266537\/revisions"}],"wp:featuredmedia":[{"embeddable":true,"href":"https:\/\/archive.sana.sy\/es\/index.php?rest_route=\/wp\/v2\/media\/266538"}],"wp:attachment":[{"href":"https:\/\/archive.sana.sy\/es\/index.php?rest_route=%2Fwp%2Fv2%2Fmedia&parent=266537"}],"wp:term":[{"taxonomy":"category","embeddable":true,"href":"https:\/\/archive.sana.sy\/es\/index.php?rest_route=%2Fwp%2Fv2%2Fcategories&post=266537"},{"taxonomy":"post_tag","embeddable":true,"href":"https:\/\/archive.sana.sy\/es\/index.php?rest_route=%2Fwp%2Fv2%2Ftags&post=266537"}],"curies":[{"name":"wp","href":"https:\/\/api.w.org\/{rel}","templated":true}]}}