{"id":266586,"date":"2022-12-18T17:47:40","date_gmt":"2022-12-18T15:47:40","guid":{"rendered":"http:\/\/107.6.182.27\/es\/?p=266586"},"modified":"2022-12-24T17:23:36","modified_gmt":"2022-12-24T15:23:36","slug":"nasrallah-destaca-importancia-de-desarrollar-relaciones-fraternales-entre","status":"publish","type":"post","link":"https:\/\/archive.sana.sy\/es\/?p=266586","title":{"rendered":"Nasrallah destaca importancia de desarrollar relaciones fraternales entre L\u00edbano y Siria"},"content":{"rendered":"<p style=\"text-align: justify;\"><span style=\"color: #800000;\"><strong>Beirut, 18 dic (SANA)\u00a0<\/strong><\/span> \u00a0El secretario general de Hezbol\u00e1, Sayyed Hassan Nasrallah, destac\u00f3 la importancia de llevar a los mejores niveles las relaciones fraternales entre L\u00edbano y Siria.<\/p>\n<p style=\"text-align: justify;\">Esta postura fue expresada durante una reuni\u00f3n de despedida al embajador sirio en L\u00edbano, Ali Abdulkarim, donde Nasrallah expres\u00f3 su agradecimiento por los esfuerzos realizados por el diplom\u00e1tico sirio en t\u00e9rminos de contribuir a desarrollar las relaciones entre los dos pa\u00edses hermanos, a pesar de las presiones externas e internas.<\/p>\n<p style=\"text-align: justify;\">Nasrallah elogi\u00f3 la posici\u00f3n de Abdulkarim hacia todos los combatientes de la resistencia y patriotas libaneses, durante estos a\u00f1os dif\u00edciles a pesar de las condiciones complejas que viv\u00edan los libaneses, as\u00ed como su serio cuidado por todos los sirios en el L\u00edbano.<\/p>\n<p style=\"text-align: justify;\">rr\/fm<\/p>\n","protected":false},"excerpt":{"rendered":"<p>Beirut, 18 dic (SANA)\u00a0 \u00a0El secretario general de Hezbol\u00e1, Sayyed Hassan Nasrallah, destac\u00f3 la importancia de llevar a los mejores niveles las relaciones fraternales entre L\u00edbano y Siria. Esta postura fue expresada durante una reuni\u00f3n de despedida al embajador sirio en L\u00edbano, Ali Abdulkarim, donde Nasrallah expres\u00f3 su agradecimiento por los esfuerzos realizados por el &hellip;<\/p>\n","protected":false},"author":31,"featured_media":266587,"comment_status":"closed","ping_status":"closed","sticky":false,"template":"","format":"standard","meta":{"footnotes":""},"categories":[597,467,7541],"tags":[],"class_list":["post-266586","post","type-post","status-publish","format-standard","has-post-thumbnail","","category-cinta-de-noticias","category-siria-y-el-mundo","category-ultimas-noticias"],"_links":{"self":[{"href":"https:\/\/archive.sana.sy\/es\/index.php?rest_route=\/wp\/v2\/posts\/266586"}],"collection":[{"href":"https:\/\/archive.sana.sy\/es\/index.php?rest_route=\/wp\/v2\/posts"}],"about":[{"href":"https:\/\/archive.sana.sy\/es\/index.php?rest_route=\/wp\/v2\/types\/post"}],"author":[{"embeddable":true,"href":"https:\/\/archive.sana.sy\/es\/index.php?rest_route=\/wp\/v2\/users\/31"}],"replies":[{"embeddable":true,"href":"https:\/\/archive.sana.sy\/es\/index.php?rest_route=%2Fwp%2Fv2%2Fcomments&post=266586"}],"version-history":[{"count":0,"href":"https:\/\/archive.sana.sy\/es\/index.php?rest_route=\/wp\/v2\/posts\/266586\/revisions"}],"wp:featuredmedia":[{"embeddable":true,"href":"https:\/\/archive.sana.sy\/es\/index.php?rest_route=\/wp\/v2\/media\/266587"}],"wp:attachment":[{"href":"https:\/\/archive.sana.sy\/es\/index.php?rest_route=%2Fwp%2Fv2%2Fmedia&parent=266586"}],"wp:term":[{"taxonomy":"category","embeddable":true,"href":"https:\/\/archive.sana.sy\/es\/index.php?rest_route=%2Fwp%2Fv2%2Fcategories&post=266586"},{"taxonomy":"post_tag","embeddable":true,"href":"https:\/\/archive.sana.sy\/es\/index.php?rest_route=%2Fwp%2Fv2%2Ftags&post=266586"}],"curies":[{"name":"wp","href":"https:\/\/api.w.org\/{rel}","templated":true}]}}