{"id":266601,"date":"2022-12-19T04:26:50","date_gmt":"2022-12-19T02:26:50","guid":{"rendered":"http:\/\/107.6.182.27\/es\/?p=266601"},"modified":"2023-01-10T15:48:46","modified_gmt":"2023-01-10T13:48:46","slug":"putin-rusia-con-sus-posturas-hara-que-el-mundo-sea-mas-justo-e-igualitario","status":"publish","type":"post","link":"https:\/\/archive.sana.sy\/es\/?p=266601","title":{"rendered":"Putin: Rusia, con sus posturas, har\u00e1 que el mundo sea m\u00e1s justo e igualitario"},"content":{"rendered":"<p style=\"text-align: justify;\"><span style=\"color: #800000;\"><strong>Mosc\u00fa, 19 dic (SANA)\u00a0<\/strong><\/span> El presidente ruso, Vladimir Putin, expres\u00f3 su plena confianza en que las transformaciones que est\u00e1n experimentando Rusia y el mundo los est\u00e1n llevando a mejor, y que Rusia, con sus posturas, har\u00e1 que el mundo sea m\u00e1s justo e igualitario.<\/p>\n<p style=\"text-align: justify;\">\u00a0\u201cQuiz\u00e1s ustedes sean testigos de las grandes transformaciones que Rusia y el mundo entero est\u00e1n presenciando ahora, y estoy absolutamente seguro de que estas transformaciones nos llevan a un mundo mejor, y espero que nuestra firmeza, la transparencia de nuestras intenciones y nuestros planes y principios contribuyan a hacer un mundo m\u00e1s justo\u201d, dijo Putin en un mensaje por video dirigido a los participantes en la primera conferencia del Movimiento de Ni\u00f1os y J\u00f3venes Rusos.<\/p>\n<p style=\"text-align: justify;\">El mandatario agreg\u00f3 que &#8220;Mosc\u00fa quiere un mundo en el que todos los pueblos sean verdaderamente iguales, en el que todos tengan derecho a ser respetados, a preservar sus valores, a hablar en sus idiomas y a reverenciar la memoria de sus antepasados, y en el que todos tiene la misma oportunidad, independientemente de las circunstancias en las que crecieron o de la familia de la que provienen&#8221;.<\/p>\n<p style=\"text-align: justify;\">fm<\/p>\n","protected":false},"excerpt":{"rendered":"<p>Mosc\u00fa, 19 dic (SANA)\u00a0 El presidente ruso, Vladimir Putin, expres\u00f3 su plena confianza en que las transformaciones que est\u00e1n experimentando Rusia y el mundo los est\u00e1n llevando a mejor, y que Rusia, con sus posturas, har\u00e1 que el mundo sea m\u00e1s justo e igualitario. \u00a0\u201cQuiz\u00e1s ustedes sean testigos de las grandes transformaciones que Rusia y &hellip;<\/p>\n","protected":false},"author":34,"featured_media":266602,"comment_status":"closed","ping_status":"closed","sticky":false,"template":"","format":"standard","meta":{"footnotes":""},"categories":[597,456,20724,7541],"tags":[],"class_list":["post-266601","post","type-post","status-publish","format-standard","has-post-thumbnail","","category-cinta-de-noticias","category-arabe-internacional-politica","category-minuto-a-minuto","category-ultimas-noticias"],"_links":{"self":[{"href":"https:\/\/archive.sana.sy\/es\/index.php?rest_route=\/wp\/v2\/posts\/266601"}],"collection":[{"href":"https:\/\/archive.sana.sy\/es\/index.php?rest_route=\/wp\/v2\/posts"}],"about":[{"href":"https:\/\/archive.sana.sy\/es\/index.php?rest_route=\/wp\/v2\/types\/post"}],"author":[{"embeddable":true,"href":"https:\/\/archive.sana.sy\/es\/index.php?rest_route=\/wp\/v2\/users\/34"}],"replies":[{"embeddable":true,"href":"https:\/\/archive.sana.sy\/es\/index.php?rest_route=%2Fwp%2Fv2%2Fcomments&post=266601"}],"version-history":[{"count":0,"href":"https:\/\/archive.sana.sy\/es\/index.php?rest_route=\/wp\/v2\/posts\/266601\/revisions"}],"wp:featuredmedia":[{"embeddable":true,"href":"https:\/\/archive.sana.sy\/es\/index.php?rest_route=\/wp\/v2\/media\/266602"}],"wp:attachment":[{"href":"https:\/\/archive.sana.sy\/es\/index.php?rest_route=%2Fwp%2Fv2%2Fmedia&parent=266601"}],"wp:term":[{"taxonomy":"category","embeddable":true,"href":"https:\/\/archive.sana.sy\/es\/index.php?rest_route=%2Fwp%2Fv2%2Fcategories&post=266601"},{"taxonomy":"post_tag","embeddable":true,"href":"https:\/\/archive.sana.sy\/es\/index.php?rest_route=%2Fwp%2Fv2%2Ftags&post=266601"}],"curies":[{"name":"wp","href":"https:\/\/api.w.org\/{rel}","templated":true}]}}