{"id":266607,"date":"2022-12-19T05:16:10","date_gmt":"2022-12-19T03:16:10","guid":{"rendered":"http:\/\/107.6.182.27\/es\/?p=266607"},"modified":"2023-01-10T15:48:46","modified_gmt":"2023-01-10T13:48:46","slug":"pele-diego-armando-maradona-ahora-sonrie-por-triunfo-de-argentina","status":"publish","type":"post","link":"https:\/\/archive.sana.sy\/es\/?p=266607","title":{"rendered":"Pel\u00e9: Diego Armando Maradona ahora sonr\u00ede por triunfo de Argentina"},"content":{"rendered":"<p style=\"text-align: justify;\"><span style=\"color: #800000;\"><strong>Brasilia, 19 dic (SANA)<\/strong> <\/span>La leyenda deportiva brasile\u00f1a Edson Arantes do Nascimento (Pel\u00e9) felicit\u00f3 a Argentina por conquistar el tricampeonato mundial de f\u00fatbol en Qatar, al derrotar a Francia y asegur\u00f3 que Diego Armando Maradona ahora sonr\u00ede.<\/p>\n<p>Para Pel\u00e9, el cotejo result\u00f3 un espect\u00e1culo y en redes sociales afirm\u00f3 que fue un apasionante cap\u00edtulo de la historia del f\u00fatbol.<\/p>\n<p style=\"text-align: justify;\">La Perla Negra, como lo apodan algunos comentaristas deportivos, asegur\u00f3 que Lionel Messi merec\u00eda el t\u00edtulo por su trayectoria y no olvid\u00f3 mencionar al tambi\u00e9n extinto argentino Maradona, su eterna comparaci\u00f3n respecto a quien es el mejor futbolista de la historia.<\/p>\n<p style=\"text-align: justify;\">\u00abCiertamente, Diego est\u00e1 sonriendo ahora\u00bb, escribi\u00f3 Pel\u00e9, citado por Prensa Latina.<\/p>\n<p style=\"text-align: justify;\">Pel\u00e9 permanece ingresado desde el 29 de noviembre con pleno control de sus funciones vitales en un hospital de Sao Paulo.<\/p>\n<p style=\"text-align: justify;\">fm<\/p>\n","protected":false},"excerpt":{"rendered":"<p>Brasilia, 19 dic (SANA) La leyenda deportiva brasile\u00f1a Edson Arantes do Nascimento (Pel\u00e9) felicit\u00f3 a Argentina por conquistar el tricampeonato mundial de f\u00fatbol en Qatar, al derrotar a Francia y asegur\u00f3 que Diego Armando Maradona ahora sonr\u00ede. Para Pel\u00e9, el cotejo result\u00f3 un espect\u00e1culo y en redes sociales afirm\u00f3 que fue un apasionante cap\u00edtulo de &hellip;<\/p>\n","protected":false},"author":34,"featured_media":266608,"comment_status":"closed","ping_status":"closed","sticky":false,"template":"","format":"standard","meta":{"footnotes":""},"categories":[597,494,456,20724,7541],"tags":[],"class_list":["post-266607","post","type-post","status-publish","format-standard","has-post-thumbnail","","category-cinta-de-noticias","category-deportes","category-arabe-internacional-politica","category-minuto-a-minuto","category-ultimas-noticias"],"_links":{"self":[{"href":"https:\/\/archive.sana.sy\/es\/index.php?rest_route=\/wp\/v2\/posts\/266607"}],"collection":[{"href":"https:\/\/archive.sana.sy\/es\/index.php?rest_route=\/wp\/v2\/posts"}],"about":[{"href":"https:\/\/archive.sana.sy\/es\/index.php?rest_route=\/wp\/v2\/types\/post"}],"author":[{"embeddable":true,"href":"https:\/\/archive.sana.sy\/es\/index.php?rest_route=\/wp\/v2\/users\/34"}],"replies":[{"embeddable":true,"href":"https:\/\/archive.sana.sy\/es\/index.php?rest_route=%2Fwp%2Fv2%2Fcomments&post=266607"}],"version-history":[{"count":0,"href":"https:\/\/archive.sana.sy\/es\/index.php?rest_route=\/wp\/v2\/posts\/266607\/revisions"}],"wp:featuredmedia":[{"embeddable":true,"href":"https:\/\/archive.sana.sy\/es\/index.php?rest_route=\/wp\/v2\/media\/266608"}],"wp:attachment":[{"href":"https:\/\/archive.sana.sy\/es\/index.php?rest_route=%2Fwp%2Fv2%2Fmedia&parent=266607"}],"wp:term":[{"taxonomy":"category","embeddable":true,"href":"https:\/\/archive.sana.sy\/es\/index.php?rest_route=%2Fwp%2Fv2%2Fcategories&post=266607"},{"taxonomy":"post_tag","embeddable":true,"href":"https:\/\/archive.sana.sy\/es\/index.php?rest_route=%2Fwp%2Fv2%2Ftags&post=266607"}],"curies":[{"name":"wp","href":"https:\/\/api.w.org\/{rel}","templated":true}]}}