{"id":266611,"date":"2022-12-19T05:41:24","date_gmt":"2022-12-19T03:41:24","guid":{"rendered":"http:\/\/107.6.182.27\/es\/?p=266611"},"modified":"2023-01-10T15:48:46","modified_gmt":"2023-01-10T13:48:46","slug":"las-fuerzas-del-regimen-ucraniano-bombardean-un-hospital-en-donetsk","status":"publish","type":"post","link":"https:\/\/archive.sana.sy\/es\/?p=266611","title":{"rendered":"Las fuerzas del r\u00e9gimen ucraniano bombardean un hospital en Donetsk"},"content":{"rendered":"<p style=\"text-align: justify;\"><span style=\"color: #800000;\"><strong>Mosc\u00fa, 19 dic (SANA)\u00a0<\/strong><\/span>\u00a0 Las fuerzas del r\u00e9gimen ucraniano bombardearon un hospital en la Rep\u00fablica Popular de Donetsk, lo que provoc\u00f3 heridas a varias personas y un incendio en el hospital.<\/p>\n<p style=\"text-align: justify;\">El alcalde de Donetsk, Alexey Colmzin, inform\u00f3 que los servicios de emergencia evacuaron a los pacientes del Hospital Kalinina despu\u00e9s de que fuera bombardeado y se produjera un incendio en el mismo.<\/p>\n<p style=\"text-align: justify;\">Una fuente militar en Donetsk anunci\u00f3 que las formaciones armadas ucranianas bombardearon la ciudad de Orlovka en Donetsk, utilizando cinco proyectiles de 155 mm.<\/p>\n<p style=\"text-align: justify;\">fm<\/p>\n<p style=\"text-align: justify;\">\n","protected":false},"excerpt":{"rendered":"<p>Mosc\u00fa, 19 dic (SANA)\u00a0\u00a0 Las fuerzas del r\u00e9gimen ucraniano bombardearon un hospital en la Rep\u00fablica Popular de Donetsk, lo que provoc\u00f3 heridas a varias personas y un incendio en el hospital. El alcalde de Donetsk, Alexey Colmzin, inform\u00f3 que los servicios de emergencia evacuaron a los pacientes del Hospital Kalinina despu\u00e9s de que fuera bombardeado &hellip;<\/p>\n","protected":false},"author":34,"featured_media":266612,"comment_status":"closed","ping_status":"closed","sticky":false,"template":"","format":"standard","meta":{"footnotes":""},"categories":[597,456,20724,7541],"tags":[],"class_list":["post-266611","post","type-post","status-publish","format-standard","has-post-thumbnail","","category-cinta-de-noticias","category-arabe-internacional-politica","category-minuto-a-minuto","category-ultimas-noticias"],"_links":{"self":[{"href":"https:\/\/archive.sana.sy\/es\/index.php?rest_route=\/wp\/v2\/posts\/266611"}],"collection":[{"href":"https:\/\/archive.sana.sy\/es\/index.php?rest_route=\/wp\/v2\/posts"}],"about":[{"href":"https:\/\/archive.sana.sy\/es\/index.php?rest_route=\/wp\/v2\/types\/post"}],"author":[{"embeddable":true,"href":"https:\/\/archive.sana.sy\/es\/index.php?rest_route=\/wp\/v2\/users\/34"}],"replies":[{"embeddable":true,"href":"https:\/\/archive.sana.sy\/es\/index.php?rest_route=%2Fwp%2Fv2%2Fcomments&post=266611"}],"version-history":[{"count":0,"href":"https:\/\/archive.sana.sy\/es\/index.php?rest_route=\/wp\/v2\/posts\/266611\/revisions"}],"wp:featuredmedia":[{"embeddable":true,"href":"https:\/\/archive.sana.sy\/es\/index.php?rest_route=\/wp\/v2\/media\/266612"}],"wp:attachment":[{"href":"https:\/\/archive.sana.sy\/es\/index.php?rest_route=%2Fwp%2Fv2%2Fmedia&parent=266611"}],"wp:term":[{"taxonomy":"category","embeddable":true,"href":"https:\/\/archive.sana.sy\/es\/index.php?rest_route=%2Fwp%2Fv2%2Fcategories&post=266611"},{"taxonomy":"post_tag","embeddable":true,"href":"https:\/\/archive.sana.sy\/es\/index.php?rest_route=%2Fwp%2Fv2%2Ftags&post=266611"}],"curies":[{"name":"wp","href":"https:\/\/api.w.org\/{rel}","templated":true}]}}