{"id":266657,"date":"2022-12-19T12:31:35","date_gmt":"2022-12-19T10:31:35","guid":{"rendered":"http:\/\/107.6.182.27\/es\/?p=266657"},"modified":"2023-01-10T15:48:45","modified_gmt":"2023-01-10T13:48:45","slug":"fuerzas-turcas-atacan-con-artilleria-areas-cercanas-a-la-ciudad-siria-de-tal-tamr","status":"publish","type":"post","link":"https:\/\/archive.sana.sy\/es\/?p=266657","title":{"rendered":"Fuerzas turcas atacan con artiller\u00eda \u00e1reas cercanas a la ciudad siria de Tal Tamr"},"content":{"rendered":"<blockquote><p><em><strong>Activistas locales informaron a SANA que los militares turcos atacaron con artiller\u00eda pesada desde sus posiciones en la franja fronteriza, las casas en la localidad de Al-Tawila, al oeste de la ciudad de Tal Tamr.<\/strong><\/em><\/p><\/blockquote>\n<p><span style=\"color: #800000;\"><strong>Hasakeh, 19 dic (SANA)<\/strong><\/span>\u00a0 Las fuerzas del ocupante turco y las organizaciones terroristas mercenarias que operan bajo su mando, reanudaron sus agresiones con artiller\u00eda pesada contra el \u00e1rea de Tal Tamr, en el norte de la provincia de Hasakeh, en el nordeste de Siria.<\/p>\n<p>Activistas locales informaron a SANA que los militares turcos atacaron con artiller\u00eda pesada desde sus posiciones en la franja fronteriza, las casas en la localidad de Al-Tawila, al oeste de la ciudad de Tal Tamr.<\/p>\n<p>Precisaron que los bombardeos ocasionaron da\u00f1os materiales a bienes p\u00fablicos y privados, e instalaciones de servicios.<br \/>\nEl d\u00eda 10 de este mes, la ciudad de Abu Rasin, en el norte de Hasakeh, precis\u00f3 un desplazamiento de la mayor\u00eda de sus residentes como consecuencia de las agresiones turcas y el continuo bombardeo de artiller\u00eda.<\/p>\n<p>fm\/as<\/p>\n","protected":false},"excerpt":{"rendered":"<p>Activistas locales informaron a SANA que los militares turcos atacaron con artiller\u00eda pesada desde sus posiciones en la franja fronteriza, las casas en la localidad de Al-Tawila, al oeste de la ciudad de Tal Tamr. Hasakeh, 19 dic (SANA)\u00a0 Las fuerzas del ocupante turco y las organizaciones terroristas mercenarias que operan bajo su mando, reanudaron &hellip;<\/p>\n","protected":false},"author":42,"featured_media":266658,"comment_status":"closed","ping_status":"closed","sticky":false,"template":"","format":"standard","meta":{"footnotes":""},"categories":[477,447,597,456,20724,7541],"tags":[],"class_list":["post-266657","post","type-post","status-publish","format-standard","has-post-thumbnail","","category-noticias-edulcorantes","category-local-politica","category-cinta-de-noticias","category-arabe-internacional-politica","category-minuto-a-minuto","category-ultimas-noticias"],"_links":{"self":[{"href":"https:\/\/archive.sana.sy\/es\/index.php?rest_route=\/wp\/v2\/posts\/266657"}],"collection":[{"href":"https:\/\/archive.sana.sy\/es\/index.php?rest_route=\/wp\/v2\/posts"}],"about":[{"href":"https:\/\/archive.sana.sy\/es\/index.php?rest_route=\/wp\/v2\/types\/post"}],"author":[{"embeddable":true,"href":"https:\/\/archive.sana.sy\/es\/index.php?rest_route=\/wp\/v2\/users\/42"}],"replies":[{"embeddable":true,"href":"https:\/\/archive.sana.sy\/es\/index.php?rest_route=%2Fwp%2Fv2%2Fcomments&post=266657"}],"version-history":[{"count":0,"href":"https:\/\/archive.sana.sy\/es\/index.php?rest_route=\/wp\/v2\/posts\/266657\/revisions"}],"wp:featuredmedia":[{"embeddable":true,"href":"https:\/\/archive.sana.sy\/es\/index.php?rest_route=\/wp\/v2\/media\/266658"}],"wp:attachment":[{"href":"https:\/\/archive.sana.sy\/es\/index.php?rest_route=%2Fwp%2Fv2%2Fmedia&parent=266657"}],"wp:term":[{"taxonomy":"category","embeddable":true,"href":"https:\/\/archive.sana.sy\/es\/index.php?rest_route=%2Fwp%2Fv2%2Fcategories&post=266657"},{"taxonomy":"post_tag","embeddable":true,"href":"https:\/\/archive.sana.sy\/es\/index.php?rest_route=%2Fwp%2Fv2%2Ftags&post=266657"}],"curies":[{"name":"wp","href":"https:\/\/api.w.org\/{rel}","templated":true}]}}