{"id":266661,"date":"2022-12-19T12:48:53","date_gmt":"2022-12-19T10:48:53","guid":{"rendered":"http:\/\/107.6.182.27\/es\/?p=266661"},"modified":"2023-01-10T15:48:44","modified_gmt":"2023-01-10T13:48:44","slug":"buques-rusos-de-la-flota-del-pacifico-parten-para-el-ejercicio-conjunto-con-china","status":"publish","type":"post","link":"https:\/\/archive.sana.sy\/es\/?p=266661","title":{"rendered":"Buques rusos de la Flota del Pac\u00edfico parten para el ejercicio conjunto con China"},"content":{"rendered":"<blockquote>\n<p style=\"text-align: justify;\"><span style=\"color: #000000;\"><em><strong>La Armada rusa estar\u00e1 representada por el crucero de misiles Variag, la fragata Mariscal Sh\u00e1poshnikov y las corbetas del proyecto 20380 H\u00e9roe de la Federaci\u00f3n Rusa Aldar Tsydenzh\u00e1pov y Sovershenny.<\/strong><\/em><\/span><\/p>\n<\/blockquote>\n<p style=\"text-align: justify;\"><span style=\"color: #800000;\"><strong>Mosc\u00fa, 19 dic (SANA)<\/strong> <\/span>Un destacamento de buques de guerra de la Flota del Pac\u00edfico de Rusia zarp\u00f3 para tomar parte en el ejercicio naval conjunto con China &#8216;Cooperaci\u00f3n Mar\u00edtima 2022&#8217;, que se llevar\u00e1 a cabo entre el 21 y el 27 de diciembre en el mar de la China Oriental.<\/p>\n<p style=\"text-align: justify;\">Un comunicado del Ministerio de Defensa ruso, citado por la cadena RT, indic\u00f3 que el objetivo principal de las maniobras ser\u00e1 reforzar la cooperaci\u00f3n naval entre los dos pa\u00edses y fomentar la paz y la estabilidad en la regi\u00f3n de Asia-Pac\u00edfico.<\/p>\n<p style=\"text-align: justify;\">La Armada rusa estar\u00e1 representada por el crucero de misiles Variag, la fragata Mariscal Sh\u00e1poshnikov y las corbetas del proyecto 20380 H\u00e9roe de la Federaci\u00f3n Rusa Aldar Tsydenzh\u00e1pov y Sovershenny.<\/p>\n<p style=\"text-align: justify;\">Mientras, por parte de la Armada del Ej\u00e9rcito Popular de Liberaci\u00f3n de China habr\u00e1 dos destructores, dos buques patrulleros, un buque de aprovisionamiento polivalente y un submarino di\u00e9sel. Adem\u00e1s, en el ejercicio naval participar\u00e1n tambi\u00e9n aviones y helic\u00f3pteros rusos y chinos.<\/p>\n<p style=\"text-align: justify;\">fm\/as<\/p>\n","protected":false},"excerpt":{"rendered":"<p>La Armada rusa estar\u00e1 representada por el crucero de misiles Variag, la fragata Mariscal Sh\u00e1poshnikov y las corbetas del proyecto 20380 H\u00e9roe de la Federaci\u00f3n Rusa Aldar Tsydenzh\u00e1pov y Sovershenny. Mosc\u00fa, 19 dic (SANA) Un destacamento de buques de guerra de la Flota del Pac\u00edfico de Rusia zarp\u00f3 para tomar parte en el ejercicio naval &hellip;<\/p>\n","protected":false},"author":42,"featured_media":266662,"comment_status":"closed","ping_status":"closed","sticky":false,"template":"","format":"standard","meta":{"footnotes":""},"categories":[597,456,20724,7541],"tags":[],"class_list":["post-266661","post","type-post","status-publish","format-standard","has-post-thumbnail","","category-cinta-de-noticias","category-arabe-internacional-politica","category-minuto-a-minuto","category-ultimas-noticias"],"_links":{"self":[{"href":"https:\/\/archive.sana.sy\/es\/index.php?rest_route=\/wp\/v2\/posts\/266661"}],"collection":[{"href":"https:\/\/archive.sana.sy\/es\/index.php?rest_route=\/wp\/v2\/posts"}],"about":[{"href":"https:\/\/archive.sana.sy\/es\/index.php?rest_route=\/wp\/v2\/types\/post"}],"author":[{"embeddable":true,"href":"https:\/\/archive.sana.sy\/es\/index.php?rest_route=\/wp\/v2\/users\/42"}],"replies":[{"embeddable":true,"href":"https:\/\/archive.sana.sy\/es\/index.php?rest_route=%2Fwp%2Fv2%2Fcomments&post=266661"}],"version-history":[{"count":0,"href":"https:\/\/archive.sana.sy\/es\/index.php?rest_route=\/wp\/v2\/posts\/266661\/revisions"}],"wp:featuredmedia":[{"embeddable":true,"href":"https:\/\/archive.sana.sy\/es\/index.php?rest_route=\/wp\/v2\/media\/266662"}],"wp:attachment":[{"href":"https:\/\/archive.sana.sy\/es\/index.php?rest_route=%2Fwp%2Fv2%2Fmedia&parent=266661"}],"wp:term":[{"taxonomy":"category","embeddable":true,"href":"https:\/\/archive.sana.sy\/es\/index.php?rest_route=%2Fwp%2Fv2%2Fcategories&post=266661"},{"taxonomy":"post_tag","embeddable":true,"href":"https:\/\/archive.sana.sy\/es\/index.php?rest_route=%2Fwp%2Fv2%2Ftags&post=266661"}],"curies":[{"name":"wp","href":"https:\/\/api.w.org\/{rel}","templated":true}]}}