{"id":266669,"date":"2022-12-19T14:07:45","date_gmt":"2022-12-19T12:07:45","guid":{"rendered":"http:\/\/107.6.182.27\/es\/?p=266669"},"modified":"2022-12-19T14:07:45","modified_gmt":"2022-12-19T12:07:45","slug":"conversaciones-sirio-sudanesas-sobre-la-cooperacion-en-materia-de-agricultura","status":"publish","type":"post","link":"https:\/\/archive.sana.sy\/es\/?p=266669","title":{"rendered":"Conversaciones sirio-sudanesas sobre la cooperaci\u00f3n en materia de agricultura"},"content":{"rendered":"<p style=\"text-align: justify;\"><span style=\"color: #800000;\"><strong>Damasco, 19 dic (SANA)<\/strong> <\/span>El ministro sirio de Educaci\u00f3n Superior e Investigaci\u00f3n Cient\u00edfica, Bassam Ibrahim, sostuvo este lunes una reuni\u00f3n con el ministro sudan\u00e9s de Agricultura y Bosques, Abubakr Omar Al Bushra.<\/p>\n<p style=\"text-align: justify;\">La reuni\u00f3n gir\u00f3 en torno a las v\u00edas de reactivar la cooperaci\u00f3n en el sector agrario, en particular, activar y desarrollar el acuerdo de cooperaci\u00f3n cient\u00edfica firmado entre los ministerios de educaci\u00f3n de los dos pa\u00edses.<\/p>\n<p style=\"text-align: justify;\">Durante el encuentro, el ministro Ibrahim elogi\u00f3 las relaciones sirio-sudanesas a nivel pol\u00edtico, econ\u00f3mico y cient\u00edfico, adem\u00e1s se refiri\u00f3 a la necesidad de establecer programas conjuntos de cooperaci\u00f3n cient\u00edfica y de investigaci\u00f3n en los diferentes campos de agricultura.<\/p>\n<p style=\"text-align: justify;\">A su vez, el titular sudan\u00e9s resalt\u00f3 la importancia de la investigaci\u00f3n cient\u00edfica y la necesidad de avanzar hacia una agricultura basada en fundamentos cient\u00edficos, elogiando el papel de Sira este sentido, y llam\u00f3 a intensificar el intercambio de experiencias entre ambos lados.<\/p>\n<p>mm<\/p>\n","protected":false},"excerpt":{"rendered":"<p>Damasco, 19 dic (SANA) El ministro sirio de Educaci\u00f3n Superior e Investigaci\u00f3n Cient\u00edfica, Bassam Ibrahim, sostuvo este lunes una reuni\u00f3n con el ministro sudan\u00e9s de Agricultura y Bosques, Abubakr Omar Al Bushra. La reuni\u00f3n gir\u00f3 en torno a las v\u00edas de reactivar la cooperaci\u00f3n en el sector agrario, en particular, activar y desarrollar el acuerdo &hellip;<\/p>\n","protected":false},"author":36,"featured_media":266670,"comment_status":"closed","ping_status":"closed","sticky":false,"template":"","format":"standard","meta":{"footnotes":""},"categories":[597,20724,467,7541],"tags":[],"class_list":["post-266669","post","type-post","status-publish","format-standard","has-post-thumbnail","","category-cinta-de-noticias","category-minuto-a-minuto","category-siria-y-el-mundo","category-ultimas-noticias"],"_links":{"self":[{"href":"https:\/\/archive.sana.sy\/es\/index.php?rest_route=\/wp\/v2\/posts\/266669"}],"collection":[{"href":"https:\/\/archive.sana.sy\/es\/index.php?rest_route=\/wp\/v2\/posts"}],"about":[{"href":"https:\/\/archive.sana.sy\/es\/index.php?rest_route=\/wp\/v2\/types\/post"}],"author":[{"embeddable":true,"href":"https:\/\/archive.sana.sy\/es\/index.php?rest_route=\/wp\/v2\/users\/36"}],"replies":[{"embeddable":true,"href":"https:\/\/archive.sana.sy\/es\/index.php?rest_route=%2Fwp%2Fv2%2Fcomments&post=266669"}],"version-history":[{"count":0,"href":"https:\/\/archive.sana.sy\/es\/index.php?rest_route=\/wp\/v2\/posts\/266669\/revisions"}],"wp:featuredmedia":[{"embeddable":true,"href":"https:\/\/archive.sana.sy\/es\/index.php?rest_route=\/wp\/v2\/media\/266670"}],"wp:attachment":[{"href":"https:\/\/archive.sana.sy\/es\/index.php?rest_route=%2Fwp%2Fv2%2Fmedia&parent=266669"}],"wp:term":[{"taxonomy":"category","embeddable":true,"href":"https:\/\/archive.sana.sy\/es\/index.php?rest_route=%2Fwp%2Fv2%2Fcategories&post=266669"},{"taxonomy":"post_tag","embeddable":true,"href":"https:\/\/archive.sana.sy\/es\/index.php?rest_route=%2Fwp%2Fv2%2Ftags&post=266669"}],"curies":[{"name":"wp","href":"https:\/\/api.w.org\/{rel}","templated":true}]}}