{"id":266672,"date":"2022-12-19T14:46:14","date_gmt":"2022-12-19T12:46:14","guid":{"rendered":"http:\/\/107.6.182.27\/es\/?p=266672"},"modified":"2022-12-19T14:46:14","modified_gmt":"2022-12-19T12:46:14","slug":"canciller-sirio-y-directora-regional-de-la-unicef-abordan-impactos-de-la-guerra-y-las-sanciones-en-los-ninos-sirios","status":"publish","type":"post","link":"https:\/\/archive.sana.sy\/es\/?p=266672","title":{"rendered":"Canciller sirio y directora regional de la Unicef abordan impactos de la guerra y las sanciones en los ni\u00f1os sirios"},"content":{"rendered":"<blockquote><p><span style=\"color: #808080;\"><strong>Las guerras siempre tienen un efecto desastroso en los ni\u00f1os y las mujeres, y que esto impone responsabilidades adicionales ante los organismos que se ocupan de los derechos de los ni\u00f1os, especialmente la Unicef, lo que requiere hacer m\u00e1s esfuerzos para apoyar a estos menores y ayudarles a superar estos efectos y desaf\u00edos.<\/strong><\/span><\/p><\/blockquote>\n<p style=\"text-align: justify;\">\n<span style=\"color: #800000;\"><strong>Damasco, 19 dic (SANA)<\/strong> <\/span>El ministro de Asuntos Exteriores, Faisal Al-Mekdad, recibi\u00f3 hoy en la sede de la Canciller\u00eda, a Adele Khader, la directora regional para Oriente Medio y Norte de \u00c1frica del Fondo de las Naciones Unidas para la Infancia (UNICEF, por sus siglas en ingl\u00e9s).<\/p>\n<p style=\"text-align: justify;\">Las dos partes abordaron el impacto de las m\u00faltiples crisis globales en los ni\u00f1os, su salud y educaci\u00f3n, y la necesidad de hacer esfuerzos globales concertados para enfrentar estos efectos.<\/p>\n<p style=\"text-align: justify;\">El ministro explic\u00f3 detalladamente los efectos de la guerra terrorista y las sanciones econ\u00f3micas inhumanas impuestas por los pa\u00edses occidentales a Siria en varios sectores, especialmente en lo relacionado con la educaci\u00f3n, la salud y la infancia.<\/p>\n<p style=\"text-align: justify;\">Tambi\u00e9n, se\u00f1al\u00f3 que las guerras siempre tienen un efecto desastroso en los ni\u00f1os y las mujeres, y que esto impone responsabilidades adicionales ante los organismos que se ocupan de los derechos de los ni\u00f1os, especialmente la Unicef, lo que requiere hacer m\u00e1s esfuerzos para apoyar a estos menores y ayudarles a superar estos efectos y desaf\u00edos.<\/p>\n<p style=\"text-align: justify;\">Al-Mekdad expres\u00f3 su agradecimiento por la labor realizada por la organizaci\u00f3n en cooperaci\u00f3n con las autoridades nacionales y los ministerios pertinentes para apoyar a los ni\u00f1os en Siria.<\/p>\n<p style=\"text-align: justify;\">A su vez, la funcionaria de la ONU agradeci\u00f3 a Siria por todo el apoyo que brinda a la organizaci\u00f3n, y elogi\u00f3 el alto nivel de coordinaci\u00f3n y cooperaci\u00f3n alcanzadas en esta direcci\u00f3n.<\/p>\n<p style=\"text-align: justify;\">Khader, por su parte, explic\u00f3 los planes y proyectos de la organizaci\u00f3n que se est\u00e1n implementando en el pa\u00eds en varios campos en cooperaci\u00f3n con las autoridades nacionales, adem\u00e1s de algunos temas relacionados con la cooperaci\u00f3n bilateral entre la organizaci\u00f3n y el Ministerio de Relaciones Exteriores y Expatriados.<\/p>\n<p>fm\/mm<\/p>\n","protected":false},"excerpt":{"rendered":"<p>Las guerras siempre tienen un efecto desastroso en los ni\u00f1os y las mujeres, y que esto impone responsabilidades adicionales ante los organismos que se ocupan de los derechos de los ni\u00f1os, especialmente la Unicef, lo que requiere hacer m\u00e1s esfuerzos para apoyar a estos menores y ayudarles a superar estos efectos y desaf\u00edos. Damasco, 19 &hellip;<\/p>\n","protected":false},"author":36,"featured_media":266673,"comment_status":"closed","ping_status":"closed","sticky":false,"template":"","format":"standard","meta":{"footnotes":""},"categories":[597,20724,467,583],"tags":[],"class_list":["post-266672","post","type-post","status-publish","format-standard","has-post-thumbnail","","category-cinta-de-noticias","category-minuto-a-minuto","category-siria-y-el-mundo","category-slide"],"_links":{"self":[{"href":"https:\/\/archive.sana.sy\/es\/index.php?rest_route=\/wp\/v2\/posts\/266672"}],"collection":[{"href":"https:\/\/archive.sana.sy\/es\/index.php?rest_route=\/wp\/v2\/posts"}],"about":[{"href":"https:\/\/archive.sana.sy\/es\/index.php?rest_route=\/wp\/v2\/types\/post"}],"author":[{"embeddable":true,"href":"https:\/\/archive.sana.sy\/es\/index.php?rest_route=\/wp\/v2\/users\/36"}],"replies":[{"embeddable":true,"href":"https:\/\/archive.sana.sy\/es\/index.php?rest_route=%2Fwp%2Fv2%2Fcomments&post=266672"}],"version-history":[{"count":0,"href":"https:\/\/archive.sana.sy\/es\/index.php?rest_route=\/wp\/v2\/posts\/266672\/revisions"}],"wp:featuredmedia":[{"embeddable":true,"href":"https:\/\/archive.sana.sy\/es\/index.php?rest_route=\/wp\/v2\/media\/266673"}],"wp:attachment":[{"href":"https:\/\/archive.sana.sy\/es\/index.php?rest_route=%2Fwp%2Fv2%2Fmedia&parent=266672"}],"wp:term":[{"taxonomy":"category","embeddable":true,"href":"https:\/\/archive.sana.sy\/es\/index.php?rest_route=%2Fwp%2Fv2%2Fcategories&post=266672"},{"taxonomy":"post_tag","embeddable":true,"href":"https:\/\/archive.sana.sy\/es\/index.php?rest_route=%2Fwp%2Fv2%2Ftags&post=266672"}],"curies":[{"name":"wp","href":"https:\/\/api.w.org\/{rel}","templated":true}]}}