{"id":266689,"date":"2022-12-19T17:38:30","date_gmt":"2022-12-19T15:38:30","guid":{"rendered":"http:\/\/107.6.182.27\/es\/?p=266689"},"modified":"2023-01-10T15:48:44","modified_gmt":"2023-01-10T13:48:44","slug":"establecer-un-precio-limite-al-gas-ruso-es-perjudicial-y-peligroso-afirma-canciller-hungaro","status":"publish","type":"post","link":"https:\/\/archive.sana.sy\/es\/?p=266689","title":{"rendered":"Establecer un precio l\u00edmite al gas ruso es perjudicial y peligroso, afirma Canciller h\u00fangaro"},"content":{"rendered":"<p style=\"text-align: justify;\"><span style=\"color: #800000;\"><strong>Budapest, 19 dic (SANA)<\/strong> <\/span>El ministro de Exteriores h\u00fangaro, Peter Szijj\u00e1rt\u00f3, reiter\u00f3 la oposici\u00f3n de su pa\u00eds a limitar el precio del gas ruso ya que esto representa una medida da\u00f1ina y peligrosa.<\/p>\n<p style=\"text-align: justify;\">\u201cNo cabe duda de que la propuesta de imponer un l\u00edmite a los precios del gas es mala, perjudicial y peligrosa\u201d, cit\u00f3 Novosti a Szijj\u00e1rt\u00f3 hoy.<\/p>\n<p style=\"text-align: justify;\">El Canciller h\u00fangaro resalt\u00f3 que su pa\u00eds entrar\u00e1 en otra gran batalla en Bruselas en el contexto de los debates europeos al respecto.<\/p>\n<p style=\"text-align: justify;\">El embajador itinerante del Ministerio de Exteriores de Rusia, Yuri Sentiorin, dijo anteriormente que la iniciativa de la Uni\u00f3n Europea para limitar el precio del gas ruso contradec\u00eda las reglas del mercado y conducir\u00eda a su deterioro.<\/p>\n<p style=\"text-align: justify;\"><em><strong>ah\/mm<\/strong><\/em><\/p>\n","protected":false},"excerpt":{"rendered":"<p>Budapest, 19 dic (SANA) El ministro de Exteriores h\u00fangaro, Peter Szijj\u00e1rt\u00f3, reiter\u00f3 la oposici\u00f3n de su pa\u00eds a limitar el precio del gas ruso ya que esto representa una medida da\u00f1ina y peligrosa. \u201cNo cabe duda de que la propuesta de imponer un l\u00edmite a los precios del gas es mala, perjudicial y peligrosa\u201d, cit\u00f3 &hellip;<\/p>\n","protected":false},"author":30,"featured_media":266693,"comment_status":"closed","ping_status":"closed","sticky":false,"template":"","format":"standard","meta":{"footnotes":""},"categories":[456,20724],"tags":[],"class_list":["post-266689","post","type-post","status-publish","format-standard","has-post-thumbnail","","category-arabe-internacional-politica","category-minuto-a-minuto"],"_links":{"self":[{"href":"https:\/\/archive.sana.sy\/es\/index.php?rest_route=\/wp\/v2\/posts\/266689"}],"collection":[{"href":"https:\/\/archive.sana.sy\/es\/index.php?rest_route=\/wp\/v2\/posts"}],"about":[{"href":"https:\/\/archive.sana.sy\/es\/index.php?rest_route=\/wp\/v2\/types\/post"}],"author":[{"embeddable":true,"href":"https:\/\/archive.sana.sy\/es\/index.php?rest_route=\/wp\/v2\/users\/30"}],"replies":[{"embeddable":true,"href":"https:\/\/archive.sana.sy\/es\/index.php?rest_route=%2Fwp%2Fv2%2Fcomments&post=266689"}],"version-history":[{"count":0,"href":"https:\/\/archive.sana.sy\/es\/index.php?rest_route=\/wp\/v2\/posts\/266689\/revisions"}],"wp:featuredmedia":[{"embeddable":true,"href":"https:\/\/archive.sana.sy\/es\/index.php?rest_route=\/wp\/v2\/media\/266693"}],"wp:attachment":[{"href":"https:\/\/archive.sana.sy\/es\/index.php?rest_route=%2Fwp%2Fv2%2Fmedia&parent=266689"}],"wp:term":[{"taxonomy":"category","embeddable":true,"href":"https:\/\/archive.sana.sy\/es\/index.php?rest_route=%2Fwp%2Fv2%2Fcategories&post=266689"},{"taxonomy":"post_tag","embeddable":true,"href":"https:\/\/archive.sana.sy\/es\/index.php?rest_route=%2Fwp%2Fv2%2Ftags&post=266689"}],"curies":[{"name":"wp","href":"https:\/\/api.w.org\/{rel}","templated":true}]}}