{"id":266710,"date":"2022-12-19T18:55:35","date_gmt":"2022-12-19T16:55:35","guid":{"rendered":"http:\/\/107.6.182.27\/es\/?p=266710"},"modified":"2022-12-19T18:55:35","modified_gmt":"2022-12-19T16:55:35","slug":"siria-y-sudan-se-proponen-afianzar-la-cooperacion-bilateral-en-materia-agricola","status":"publish","type":"post","link":"https:\/\/archive.sana.sy\/es\/?p=266710","title":{"rendered":"Siria y Sud\u00e1n se proponen afianzar la cooperaci\u00f3n bilateral en materia agr\u00edcola"},"content":{"rendered":"<p style=\"text-align: justify;\"><span style=\"color: #800000;\"><strong>Damasco, 19 dic (SANA)<\/strong><\/span> El primer ministro, Husein Arnous, examin\u00f3 con el ministro sudan\u00e9s de Agricultura y Bosques, Abubakr Omar Al Bushra, y la delegaci\u00f3n acompa\u00f1ante, afianzar la cooperaci\u00f3n en el campo agr\u00edcola, tanto vegetal como animal, aumentar el intercambio comercial y activar los acuerdos firmados entre los dos pa\u00edses hermanos.<\/p>\n<p style=\"text-align: justify;\">Durante la reuni\u00f3n el Jefe del Gabinete ensalz\u00f3 cualquier paso que desarrolle las relaciones econ\u00f3micas en los campos de investigaci\u00f3n agr\u00edcola y cient\u00edfico y establezca inversiones conjuntas, de una manera que contribuya a mejorar la seguridad alimentaria de ambos pa\u00edses a la luz del cambio clim\u00e1tico y la crisis alimentaria mundial.<\/p>\n<p style=\"text-align: justify;\">En el mismo contexto, Arnous destac\u00f3 la importancia de brindar apoyo al sector privado en Siria y Sud\u00e1n para llevar a cabo proyectos conjuntos que incluyan los campos de forraje, agricultura y la exportaci\u00f3n de excedentes de producci\u00f3n agr\u00edcola local, a fin de asegurar parte de las necesidades de los mercados locales de ambos pa\u00edses.<\/p>\n<p style=\"text-align: justify;\">Por su parte, el titular sudan\u00e9s enfatiz\u00f3 el deseo de su pa\u00eds de fortalecer la cooperaci\u00f3n con Siria en el sector agr\u00edcola, as\u00ed como la necesidad de invertir los recursos disponibles que poseen los dos pa\u00edses para asegurar sus necesidades de productos y materiales.<\/p>\n<p>ah\/mm<\/p>\n","protected":false},"excerpt":{"rendered":"<p>Damasco, 19 dic (SANA) El primer ministro, Husein Arnous, examin\u00f3 con el ministro sudan\u00e9s de Agricultura y Bosques, Abubakr Omar Al Bushra, y la delegaci\u00f3n acompa\u00f1ante, afianzar la cooperaci\u00f3n en el campo agr\u00edcola, tanto vegetal como animal, aumentar el intercambio comercial y activar los acuerdos firmados entre los dos pa\u00edses hermanos. Durante la reuni\u00f3n el &hellip;<\/p>\n","protected":false},"author":36,"featured_media":266707,"comment_status":"closed","ping_status":"closed","sticky":false,"template":"","format":"standard","meta":{"footnotes":""},"categories":[597,20724,467,7541],"tags":[],"class_list":["post-266710","post","type-post","status-publish","format-standard","has-post-thumbnail","","category-cinta-de-noticias","category-minuto-a-minuto","category-siria-y-el-mundo","category-ultimas-noticias"],"_links":{"self":[{"href":"https:\/\/archive.sana.sy\/es\/index.php?rest_route=\/wp\/v2\/posts\/266710"}],"collection":[{"href":"https:\/\/archive.sana.sy\/es\/index.php?rest_route=\/wp\/v2\/posts"}],"about":[{"href":"https:\/\/archive.sana.sy\/es\/index.php?rest_route=\/wp\/v2\/types\/post"}],"author":[{"embeddable":true,"href":"https:\/\/archive.sana.sy\/es\/index.php?rest_route=\/wp\/v2\/users\/36"}],"replies":[{"embeddable":true,"href":"https:\/\/archive.sana.sy\/es\/index.php?rest_route=%2Fwp%2Fv2%2Fcomments&post=266710"}],"version-history":[{"count":0,"href":"https:\/\/archive.sana.sy\/es\/index.php?rest_route=\/wp\/v2\/posts\/266710\/revisions"}],"wp:featuredmedia":[{"embeddable":true,"href":"https:\/\/archive.sana.sy\/es\/index.php?rest_route=\/wp\/v2\/media\/266707"}],"wp:attachment":[{"href":"https:\/\/archive.sana.sy\/es\/index.php?rest_route=%2Fwp%2Fv2%2Fmedia&parent=266710"}],"wp:term":[{"taxonomy":"category","embeddable":true,"href":"https:\/\/archive.sana.sy\/es\/index.php?rest_route=%2Fwp%2Fv2%2Fcategories&post=266710"},{"taxonomy":"post_tag","embeddable":true,"href":"https:\/\/archive.sana.sy\/es\/index.php?rest_route=%2Fwp%2Fv2%2Ftags&post=266710"}],"curies":[{"name":"wp","href":"https:\/\/api.w.org\/{rel}","templated":true}]}}