{"id":266721,"date":"2022-12-19T21:20:55","date_gmt":"2022-12-19T19:20:55","guid":{"rendered":"http:\/\/107.6.182.27\/es\/?p=266721"},"modified":"2023-01-10T15:48:44","modified_gmt":"2023-01-10T13:48:44","slug":"rusia-capacitara-a-tripulaciones-aereas-bielorrusas-para-usar-municiones-con-ojivas-especiales","status":"publish","type":"post","link":"https:\/\/archive.sana.sy\/es\/?p=266721","title":{"rendered":"Rusia capacitar\u00e1 a tripulaciones a\u00e9reas bielorrusas para usar municiones con ojivas &#8220;especiales&#8221;"},"content":{"rendered":"<p style=\"text-align: justify;\"><span style=\"color: #800000;\"><strong>Minsk, 19 dic (SANA)<\/strong><\/span> En el marco de su doctrina militar com\u00fan, Rusia y Bielorrusia continuar\u00e1n tomando medidas para reforzar el espacio de defensa, seg\u00fan declar\u00f3 esta tarde el presidente ruso, Vlad\u00edmir Putin, durante una rueda de prensa conjunta tras mantener conversaciones con su hom\u00f3logo bielorruso, Alex\u00e1nder Lukashenko.<\/p>\n<p style=\"text-align: justify;\">\u201cCreo que es posible seguir concretando las propuestas del presidente bielorruso sobre la capacitaci\u00f3n de tripulaciones de cazas bielorrusas, que ya han sido reequipados para el posible uso de municiones a\u00e9reas con ojivas especiales\u201d, detall\u00f3 Putin, citado por RT.<\/p>\n<p style=\"text-align: justify;\">De acuerdo al Mandatario ruso, esta forma de cooperaci\u00f3n no es una invenci\u00f3n propia de ambos pa\u00edses, ya que EE.UU., por ejemplo, ha llevado a cabo actividades similares con sus aliados dentro del bloque de la OTAN durante d\u00e9cadas.<\/p>\n<p style=\"text-align: justify;\">Al respecto, Putin resalt\u00f3 que Mosc\u00fa y Minsk dan prioridad a la formaci\u00f3n de las tropas y continuar\u00e1n la pr\u00e1ctica de ejercicios conjuntos y la producci\u00f3n de nuevos equipos militares.<\/p>\n<p style=\"text-align: justify;\">En el mismo contexto, Lukashenko infirm\u00f3 que las Fuerzas Armadas bielorrusas ya han puesto en servicio los sistemas de defensa antimisiles S-400 y sistemas t\u00e1cticos de misiles Iskander entregados por Rusia.<\/p>\n<p style=\"text-align: justify;\">\u201cLa situaci\u00f3n en el mundo est\u00e1 cambiando dr\u00e1sticamente y estos cambios tienen un car\u00e1cter transformador en profundidad y escala, sin duda alguna\u201d, acentu\u00f3 el Mandatario bielorruso.<\/p>\n<p style=\"text-align: justify;\"><em><strong>ah\/fm<\/strong><\/em><\/p>\n","protected":false},"excerpt":{"rendered":"<p>Minsk, 19 dic (SANA) En el marco de su doctrina militar com\u00fan, Rusia y Bielorrusia continuar\u00e1n tomando medidas para reforzar el espacio de defensa, seg\u00fan declar\u00f3 esta tarde el presidente ruso, Vlad\u00edmir Putin, durante una rueda de prensa conjunta tras mantener conversaciones con su hom\u00f3logo bielorruso, Alex\u00e1nder Lukashenko. \u201cCreo que es posible seguir concretando las &hellip;<\/p>\n","protected":false},"author":30,"featured_media":266722,"comment_status":"closed","ping_status":"closed","sticky":false,"template":"","format":"standard","meta":{"footnotes":""},"categories":[456,20724],"tags":[],"class_list":["post-266721","post","type-post","status-publish","format-standard","has-post-thumbnail","","category-arabe-internacional-politica","category-minuto-a-minuto"],"_links":{"self":[{"href":"https:\/\/archive.sana.sy\/es\/index.php?rest_route=\/wp\/v2\/posts\/266721"}],"collection":[{"href":"https:\/\/archive.sana.sy\/es\/index.php?rest_route=\/wp\/v2\/posts"}],"about":[{"href":"https:\/\/archive.sana.sy\/es\/index.php?rest_route=\/wp\/v2\/types\/post"}],"author":[{"embeddable":true,"href":"https:\/\/archive.sana.sy\/es\/index.php?rest_route=\/wp\/v2\/users\/30"}],"replies":[{"embeddable":true,"href":"https:\/\/archive.sana.sy\/es\/index.php?rest_route=%2Fwp%2Fv2%2Fcomments&post=266721"}],"version-history":[{"count":0,"href":"https:\/\/archive.sana.sy\/es\/index.php?rest_route=\/wp\/v2\/posts\/266721\/revisions"}],"wp:featuredmedia":[{"embeddable":true,"href":"https:\/\/archive.sana.sy\/es\/index.php?rest_route=\/wp\/v2\/media\/266722"}],"wp:attachment":[{"href":"https:\/\/archive.sana.sy\/es\/index.php?rest_route=%2Fwp%2Fv2%2Fmedia&parent=266721"}],"wp:term":[{"taxonomy":"category","embeddable":true,"href":"https:\/\/archive.sana.sy\/es\/index.php?rest_route=%2Fwp%2Fv2%2Fcategories&post=266721"},{"taxonomy":"post_tag","embeddable":true,"href":"https:\/\/archive.sana.sy\/es\/index.php?rest_route=%2Fwp%2Fv2%2Ftags&post=266721"}],"curies":[{"name":"wp","href":"https:\/\/api.w.org\/{rel}","templated":true}]}}