{"id":266724,"date":"2022-12-19T21:43:10","date_gmt":"2022-12-19T19:43:10","guid":{"rendered":"http:\/\/107.6.182.27\/es\/?p=266724"},"modified":"2023-01-10T15:37:38","modified_gmt":"2023-01-10T13:37:38","slug":"el-historico-manantial-afqa-vuelve-a-fluir-en-la-perla-del-desierto-sirio","status":"publish","type":"post","link":"https:\/\/archive.sana.sy\/es\/?p=266724","title":{"rendered":"El hist\u00f3rico manantial Afqa vuelve a fluir en la perla del desierto sirio"},"content":{"rendered":"<blockquote>\n<p style=\"text-align: justify;\"><span style=\"color: #ff6600;\"><strong>Esta fuente de agua se encuentra en la parte suroeste de Palmira, y su agua fluye desde la profundidad del monte al-Mintar desde una cueva de 400 metros de largo, en la que el agua fluye de 9 pozos subterr\u00e1neos naturales excavados en la roca caliza.<\/strong><\/span><\/p>\n<\/blockquote>\n<p style=\"text-align: justify;\"><span style=\"color: #800000;\"><strong>Palmira, 19 dic (SANA)<\/strong><\/span> El manantial Afqa, que se encuentra en uno de los sitios arqueol\u00f3gicos sirios m\u00e1s importantes, ha vuelto a fluir y dar vida en las venas de los vi\u00f1edos del oasis de la zona arqueol\u00f3gica en la ciudad de Palmira, en el centro del semidesierto sirio.<\/p>\n<p style=\"text-align: justify;\">Este manantial nace desde una cueva arqueol\u00f3gica en las rocas y fluye desde hace 6 mil a\u00f1os; tambi\u00e9n se considera un importante hito tur\u00edstico que devolvi\u00f3 la vida a las palmeras y olivos.<\/p>\n<p style=\"text-align: justify;\">Esta fuente de agua se encuentra en la parte suroeste de Palmira, y su agua fluye desde la profundidad del monte al-Mintar desde una cueva de 400 metros de largo, en la que el agua fluye de 9 pozos subterr\u00e1neos naturales excavados en la roca caliza.<\/p>\n<p style=\"text-align: justify;\">Gracias a su agua mineral, sulf\u00farica y de temperatura estable en todas las estaciones del a\u00f1o, (33 grados cent\u00edgrados), el manantial ha ganado gran importancia ya que esta agua sirve para la curaci\u00f3n de enfermedades de la piel, casos de anemia, eliminaci\u00f3n de materiales arenosos del sistema urinario y enfermedades hep\u00e1ticas por azufre y radioterapia que activan las c\u00e9lulas hep\u00e1ticas y renales.<\/p>\n<p style=\"text-align: justify;\">El mismo fue rehabilitado en el marco de una iniciativa de un equipo sirio-ruso bajo la supervisi\u00f3n de la Direcci\u00f3n General de Antig\u00fcedades y Museos en Siria, por lo que su agua comenz\u00f3 a fluir para regar los \u00e1rboles de los huertos de Palmira cuya \u00e1rea es de 420 hect\u00e1reas e incluye alrededor de 200,000 palmeras y m\u00e1s de 300,000 olivos.<\/p>\n<p style=\"text-align: justify;\"><strong>Por Fida Fedaa al-Rhayiah para SANA en Espa\u00f1ol<\/strong><\/p>\n<div id='gallery-1' class='gallery galleryid-266724 gallery-columns-1 gallery-size-full'><figure class='gallery-item'>\n\t\t\t<div class='gallery-icon landscape'>\n\t\t\t\t<a href='https:\/\/archive.sana.sy\/es\/wp-content\/uploads\/2022\/12\/4-19.jpg'><img loading=\"lazy\" decoding=\"async\" width=\"800\" height=\"504\" src=\"https:\/\/archive.sana.sy\/es\/wp-content\/uploads\/2022\/12\/4-19.jpg\" class=\"attachment-full size-full\" alt=\"\" srcset=\"https:\/\/archive.sana.sy\/es\/wp-content\/uploads\/2022\/12\/4-19.jpg 800w, https:\/\/archive.sana.sy\/es\/wp-content\/uploads\/2022\/12\/4-19-300x189.jpg 300w, https:\/\/archive.sana.sy\/es\/wp-content\/uploads\/2022\/12\/4-19-150x95.jpg 150w, https:\/\/archive.sana.sy\/es\/wp-content\/uploads\/2022\/12\/4-19-768x484.jpg 768w\" sizes=\"(max-width: 800px) 100vw, 800px\" \/><\/a>\n\t\t\t<\/div><\/figure><figure class='gallery-item'>\n\t\t\t<div class='gallery-icon landscape'>\n\t\t\t\t<a href='https:\/\/archive.sana.sy\/es\/wp-content\/uploads\/2022\/12\/5-12-768x486-1.jpg'><img loading=\"lazy\" decoding=\"async\" width=\"768\" height=\"486\" src=\"https:\/\/archive.sana.sy\/es\/wp-content\/uploads\/2022\/12\/5-12-768x486-1.jpg\" class=\"attachment-full size-full\" alt=\"\" srcset=\"https:\/\/archive.sana.sy\/es\/wp-content\/uploads\/2022\/12\/5-12-768x486-1.jpg 768w, https:\/\/archive.sana.sy\/es\/wp-content\/uploads\/2022\/12\/5-12-768x486-1-300x190.jpg 300w, https:\/\/archive.sana.sy\/es\/wp-content\/uploads\/2022\/12\/5-12-768x486-1-150x95.jpg 150w\" sizes=\"(max-width: 768px) 100vw, 768px\" \/><\/a>\n\t\t\t<\/div><\/figure><figure class='gallery-item'>\n\t\t\t<div class='gallery-icon landscape'>\n\t\t\t\t<a href='https:\/\/archive.sana.sy\/es\/wp-content\/uploads\/2022\/12\/7-11-768x487-1.jpg'><img loading=\"lazy\" decoding=\"async\" width=\"768\" height=\"487\" src=\"https:\/\/archive.sana.sy\/es\/wp-content\/uploads\/2022\/12\/7-11-768x487-1.jpg\" class=\"attachment-full size-full\" alt=\"\" srcset=\"https:\/\/archive.sana.sy\/es\/wp-content\/uploads\/2022\/12\/7-11-768x487-1.jpg 768w, https:\/\/archive.sana.sy\/es\/wp-content\/uploads\/2022\/12\/7-11-768x487-1-300x190.jpg 300w, https:\/\/archive.sana.sy\/es\/wp-content\/uploads\/2022\/12\/7-11-768x487-1-150x95.jpg 150w\" sizes=\"(max-width: 768px) 100vw, 768px\" \/><\/a>\n\t\t\t<\/div><\/figure><figure class='gallery-item'>\n\t\t\t<div class='gallery-icon landscape'>\n\t\t\t\t<a href='https:\/\/archive.sana.sy\/es\/wp-content\/uploads\/2022\/12\/-e1671478967218.jpg'><img loading=\"lazy\" decoding=\"async\" width=\"660\" height=\"330\" src=\"https:\/\/archive.sana.sy\/es\/wp-content\/uploads\/2022\/12\/-e1671478967218.jpg\" class=\"attachment-full size-full\" alt=\"\" \/><\/a>\n\t\t\t<\/div><\/figure>\n\t\t<\/div>\n\n","protected":false},"excerpt":{"rendered":"<p>Esta fuente de agua se encuentra en la parte suroeste de Palmira, y su agua fluye desde la profundidad del monte al-Mintar desde una cueva de 400 metros de largo, en la que el agua fluye de 9 pozos subterr\u00e1neos naturales excavados en la roca caliza. Palmira, 19 dic (SANA) El manantial Afqa, que se &hellip;<\/p>\n","protected":false},"author":30,"featured_media":266728,"comment_status":"closed","ping_status":"closed","sticky":false,"template":"","format":"standard","meta":{"footnotes":""},"categories":[597,625,623,20724,476,571,583],"tags":[],"class_list":["post-266724","post","type-post","status-publish","format-standard","has-post-thumbnail","","category-cinta-de-noticias","category-fotos-fotos-sana","category-fotos-sana","category-minuto-a-minuto","category-locales","category-siria-en-fotos","category-slide"],"_links":{"self":[{"href":"https:\/\/archive.sana.sy\/es\/index.php?rest_route=\/wp\/v2\/posts\/266724"}],"collection":[{"href":"https:\/\/archive.sana.sy\/es\/index.php?rest_route=\/wp\/v2\/posts"}],"about":[{"href":"https:\/\/archive.sana.sy\/es\/index.php?rest_route=\/wp\/v2\/types\/post"}],"author":[{"embeddable":true,"href":"https:\/\/archive.sana.sy\/es\/index.php?rest_route=\/wp\/v2\/users\/30"}],"replies":[{"embeddable":true,"href":"https:\/\/archive.sana.sy\/es\/index.php?rest_route=%2Fwp%2Fv2%2Fcomments&post=266724"}],"version-history":[{"count":0,"href":"https:\/\/archive.sana.sy\/es\/index.php?rest_route=\/wp\/v2\/posts\/266724\/revisions"}],"wp:featuredmedia":[{"embeddable":true,"href":"https:\/\/archive.sana.sy\/es\/index.php?rest_route=\/wp\/v2\/media\/266728"}],"wp:attachment":[{"href":"https:\/\/archive.sana.sy\/es\/index.php?rest_route=%2Fwp%2Fv2%2Fmedia&parent=266724"}],"wp:term":[{"taxonomy":"category","embeddable":true,"href":"https:\/\/archive.sana.sy\/es\/index.php?rest_route=%2Fwp%2Fv2%2Fcategories&post=266724"},{"taxonomy":"post_tag","embeddable":true,"href":"https:\/\/archive.sana.sy\/es\/index.php?rest_route=%2Fwp%2Fv2%2Ftags&post=266724"}],"curies":[{"name":"wp","href":"https:\/\/api.w.org\/{rel}","templated":true}]}}