{"id":266730,"date":"2022-12-19T21:47:21","date_gmt":"2022-12-19T19:47:21","guid":{"rendered":"http:\/\/107.6.182.27\/es\/?p=266730"},"modified":"2022-12-20T04:08:50","modified_gmt":"2022-12-20T02:08:50","slug":"embajada-de-cuba-en-damasco-celebra-aniversario-65-del-triunfo-de-la-revolucion-cubana","status":"publish","type":"post","link":"https:\/\/archive.sana.sy\/es\/?p=266730","title":{"rendered":"Embajada de Cuba en Damasco celebra aniversario 65 del triunfo de la Revoluci\u00f3n Cubana"},"content":{"rendered":"<blockquote><p><span style=\"color: #ff6600;\"><strong>El Jefe de diplomacia siria reiter\u00f3 que ambos pa\u00edses est\u00e1n sometidos a la misma guerra y agresi\u00f3n del imperialismo representado por EE.UU. en su forma m\u00e1s atroz.<\/strong><\/span><\/p><\/blockquote>\n<p style=\"text-align: justify;\"><span style=\"color: #800000;\"><strong>Damasco, 19 dic (SANA)<\/strong><\/span> La Embajada de la Rep\u00fablica de Cuba en Damasco organiz\u00f3 este lunes una recepci\u00f3n con motivo del sexag\u00e9simo quinto aniversario de la victoria de la Revoluci\u00f3n Cubana.<\/p>\n<p style=\"text-align: justify;\">El embajador de Cuba en Damasco, Miguel Porto Parga, resalt\u00f3 en un discurso la profundidad de las relaciones y los lazos hist\u00f3ricos entre los dos pa\u00edses, que datan a 57 a\u00f1os.<\/p>\n<p style=\"text-align: justify;\"><img loading=\"lazy\" decoding=\"async\" class=\"size-medium wp-image-266738 alignleft\" src=\"http:\/\/107.6.182.27\/es\/wp-content\/uploads\/2022\/12\/999_1107-300x200.jpg\" alt=\"\" width=\"300\" height=\"200\" srcset=\"https:\/\/archive.sana.sy\/es\/wp-content\/uploads\/2022\/12\/999_1107-300x200.jpg 300w, https:\/\/archive.sana.sy\/es\/wp-content\/uploads\/2022\/12\/999_1107-150x100.jpg 150w, https:\/\/archive.sana.sy\/es\/wp-content\/uploads\/2022\/12\/999_1107.jpg 660w\" sizes=\"(max-width: 300px) 100vw, 300px\" \/>\u201cCuba y Siria comparten posiciones comunes basadas en la unidad, la solidaridad y la cooperaci\u00f3n para enfrentar campa\u00f1as hostiles, as\u00ed como una voluntad mutua de mantener posiciones en todos los foros internacionales y en apoyo a las causas justas de los pueblos del mundo que luchan por la autodeterminaci\u00f3n y la preservaci\u00f3n de su soberan\u00eda\u201d, expres\u00f3 Parga .<\/p>\n<p style=\"text-align: justify;\">Asimismo, ratific\u00f3 el apoyo de Cuba al derecho del pueblo sirio a la libertad, la independencia y la soberan\u00eda.<\/p>\n<p style=\"text-align: justify;\">En esta l\u00ednea, el Jefe de la Misi\u00f3n Diplom\u00e1tica cubana rese\u00f1\u00f3 que tanto Cuba como Siria han enfrentado conspiraciones y agresiones continuas y est\u00e1n sujetos a sanciones unilaterales injustas por parte de EE.UU.<\/p>\n<p style=\"text-align: justify;\">\u201cEl pueblo cubano continuar\u00e1 la lucha por construir una nueva sociedad a pesar de las grandes restricciones y muchos desaf\u00edos impuestos en su contra\u201d, asegur\u00f3.<\/p>\n<p style=\"text-align: justify;\"><img loading=\"lazy\" decoding=\"async\" class=\"size-medium wp-image-266740 alignleft\" src=\"http:\/\/107.6.182.27\/es\/wp-content\/uploads\/2022\/12\/999_1126-1-300x200.jpg\" alt=\"\" width=\"300\" height=\"200\" srcset=\"https:\/\/archive.sana.sy\/es\/wp-content\/uploads\/2022\/12\/999_1126-1-300x200.jpg 300w, https:\/\/archive.sana.sy\/es\/wp-content\/uploads\/2022\/12\/999_1126-1-150x100.jpg 150w, https:\/\/archive.sana.sy\/es\/wp-content\/uploads\/2022\/12\/999_1126-1.jpg 660w\" sizes=\"(max-width: 300px) 100vw, 300px\" \/>Por su parte, el canciller sirio, Faisal al-Mekdad, asever\u00f3 que la Revoluci\u00f3n Cubana permanecer\u00e1 siempre en el coraz\u00f3n de Siria, elogiando las honrosas posiciones de Cuba por mantenerse firme junto a Siria en su guerra por restituir sus derechos, liberar su territorio, enfrentar la conspiraci\u00f3n y agresi\u00f3n terrorista a la que est\u00e1 expuesta, y apoyarla en los foros internacionales.<\/p>\n<p style=\"text-align: justify;\">El Jefe de diplomacia siria reiter\u00f3 que ambos pa\u00edses est\u00e1n sometidos a la misma guerra y agresi\u00f3n del imperialismo representado por EE.UU. en su forma m\u00e1s atroz.<\/p>\n<p style=\"text-align: justify;\">\u201cSiria seguir\u00e1 su apoyo a Cuba frente al embargo impuesto en su contra\u201d, concluy\u00f3.<\/p>\n<p>&nbsp;<\/p>\n<p style=\"text-align: justify;\"><em><strong>ah\/fm<\/strong><\/em><\/p>\n","protected":false},"excerpt":{"rendered":"<p>El Jefe de diplomacia siria reiter\u00f3 que ambos pa\u00edses est\u00e1n sometidos a la misma guerra y agresi\u00f3n del imperialismo representado por EE.UU. en su forma m\u00e1s atroz. Damasco, 19 dic (SANA) La Embajada de la Rep\u00fablica de Cuba en Damasco organiz\u00f3 este lunes una recepci\u00f3n con motivo del sexag\u00e9simo quinto aniversario de la victoria de &hellip;<\/p>\n","protected":false},"author":30,"featured_media":266731,"comment_status":"closed","ping_status":"closed","sticky":false,"template":"","format":"standard","meta":{"footnotes":""},"categories":[597,20724,467,583],"tags":[],"class_list":["post-266730","post","type-post","status-publish","format-standard","has-post-thumbnail","","category-cinta-de-noticias","category-minuto-a-minuto","category-siria-y-el-mundo","category-slide"],"_links":{"self":[{"href":"https:\/\/archive.sana.sy\/es\/index.php?rest_route=\/wp\/v2\/posts\/266730"}],"collection":[{"href":"https:\/\/archive.sana.sy\/es\/index.php?rest_route=\/wp\/v2\/posts"}],"about":[{"href":"https:\/\/archive.sana.sy\/es\/index.php?rest_route=\/wp\/v2\/types\/post"}],"author":[{"embeddable":true,"href":"https:\/\/archive.sana.sy\/es\/index.php?rest_route=\/wp\/v2\/users\/30"}],"replies":[{"embeddable":true,"href":"https:\/\/archive.sana.sy\/es\/index.php?rest_route=%2Fwp%2Fv2%2Fcomments&post=266730"}],"version-history":[{"count":0,"href":"https:\/\/archive.sana.sy\/es\/index.php?rest_route=\/wp\/v2\/posts\/266730\/revisions"}],"wp:featuredmedia":[{"embeddable":true,"href":"https:\/\/archive.sana.sy\/es\/index.php?rest_route=\/wp\/v2\/media\/266731"}],"wp:attachment":[{"href":"https:\/\/archive.sana.sy\/es\/index.php?rest_route=%2Fwp%2Fv2%2Fmedia&parent=266730"}],"wp:term":[{"taxonomy":"category","embeddable":true,"href":"https:\/\/archive.sana.sy\/es\/index.php?rest_route=%2Fwp%2Fv2%2Fcategories&post=266730"},{"taxonomy":"post_tag","embeddable":true,"href":"https:\/\/archive.sana.sy\/es\/index.php?rest_route=%2Fwp%2Fv2%2Ftags&post=266730"}],"curies":[{"name":"wp","href":"https:\/\/api.w.org\/{rel}","templated":true}]}}