{"id":266734,"date":"2022-12-20T04:06:02","date_gmt":"2022-12-20T02:06:02","guid":{"rendered":"http:\/\/107.6.182.27\/es\/?p=266734"},"modified":"2022-12-20T05:29:58","modified_gmt":"2022-12-20T03:29:58","slug":"siria-repele-ataque-israeli-con-misiles-en-las-inmediaciones-de-damasco","status":"publish","type":"post","link":"https:\/\/archive.sana.sy\/es\/?p=266734","title":{"rendered":"Siria repele ataque israel\u00ed con misiles en las inmediaciones de Damasco"},"content":{"rendered":"<div class=\"x11i5rnm xat24cr x1mh8g0r x1vvkbs xdj266r x126k92a\">\n<div dir=\"auto\" style=\"text-align: justify;\"><span style=\"color: #800000;\"><strong>Damasco, 20 dic (SANA)<\/strong><\/span> Las defensas antia\u00e9reas del ej\u00e9rcito sirio actuaron la madrugada de este lunes contra un ataque israel\u00ed con misiles que apunt\u00f3 contra varios puntos en las cercan\u00edas de la capital Damasco, y derribaron a varios proyectiles.<\/div>\n<div dir=\"auto\"><\/div>\n<div dir=\"auto\" style=\"text-align: justify;\">Una fuente militar comunic\u00f3 a SANA que \u201calrededor de las 12:30 de la medianoche, el enemigo israel\u00ed perpetr\u00f3 una agresi\u00f3n a\u00e9rea con r\u00e1fagas de misiles disparados desde la direcci\u00f3n noreste del lago Tiber\u00edades, contra algunos puntos en las cercan\u00edas de la ciudad de Damasco\u201d.<\/div>\n<div dir=\"auto\"><\/div>\n<div dir=\"auto\" style=\"text-align: justify;\">Agreg\u00f3 que \u201cnuestros medios de defensa a\u00e9rea interceptaron algunos misiles\u201d y reconoci\u00f3 que \u201cla agresi\u00f3n caus\u00f3 heridas a dos militares y provoc\u00f3 p\u00e9rdidas materiales\u201d.<\/div>\n<div dir=\"auto\" style=\"text-align: justify;\">fm<\/div>\n<\/div>\n","protected":false},"excerpt":{"rendered":"<p>Damasco, 20 dic (SANA) Las defensas antia\u00e9reas del ej\u00e9rcito sirio actuaron la madrugada de este lunes contra un ataque israel\u00ed con misiles que apunt\u00f3 contra varios puntos en las cercan\u00edas de la capital Damasco, y derribaron a varios proyectiles. Una fuente militar comunic\u00f3 a SANA que \u201calrededor de las 12:30 de la medianoche, el enemigo &hellip;<\/p>\n","protected":false},"author":34,"featured_media":266735,"comment_status":"closed","ping_status":"closed","sticky":false,"template":"","format":"standard","meta":{"footnotes":""},"categories":[447,597,20724,476,583],"tags":[],"class_list":["post-266734","post","type-post","status-publish","format-standard","has-post-thumbnail","","category-local-politica","category-cinta-de-noticias","category-minuto-a-minuto","category-locales","category-slide"],"_links":{"self":[{"href":"https:\/\/archive.sana.sy\/es\/index.php?rest_route=\/wp\/v2\/posts\/266734"}],"collection":[{"href":"https:\/\/archive.sana.sy\/es\/index.php?rest_route=\/wp\/v2\/posts"}],"about":[{"href":"https:\/\/archive.sana.sy\/es\/index.php?rest_route=\/wp\/v2\/types\/post"}],"author":[{"embeddable":true,"href":"https:\/\/archive.sana.sy\/es\/index.php?rest_route=\/wp\/v2\/users\/34"}],"replies":[{"embeddable":true,"href":"https:\/\/archive.sana.sy\/es\/index.php?rest_route=%2Fwp%2Fv2%2Fcomments&post=266734"}],"version-history":[{"count":0,"href":"https:\/\/archive.sana.sy\/es\/index.php?rest_route=\/wp\/v2\/posts\/266734\/revisions"}],"wp:featuredmedia":[{"embeddable":true,"href":"https:\/\/archive.sana.sy\/es\/index.php?rest_route=\/wp\/v2\/media\/266735"}],"wp:attachment":[{"href":"https:\/\/archive.sana.sy\/es\/index.php?rest_route=%2Fwp%2Fv2%2Fmedia&parent=266734"}],"wp:term":[{"taxonomy":"category","embeddable":true,"href":"https:\/\/archive.sana.sy\/es\/index.php?rest_route=%2Fwp%2Fv2%2Fcategories&post=266734"},{"taxonomy":"post_tag","embeddable":true,"href":"https:\/\/archive.sana.sy\/es\/index.php?rest_route=%2Fwp%2Fv2%2Ftags&post=266734"}],"curies":[{"name":"wp","href":"https:\/\/api.w.org\/{rel}","templated":true}]}}