{"id":266746,"date":"2022-12-20T04:29:07","date_gmt":"2022-12-20T02:29:07","guid":{"rendered":"http:\/\/107.6.182.27\/es\/?p=266746"},"modified":"2023-01-10T15:48:43","modified_gmt":"2023-01-10T13:48:43","slug":"son-ficticias-rusia-refuta-acusaciones-sobre-uso-de-drones-iranies-en-ucrania","status":"publish","type":"post","link":"https:\/\/archive.sana.sy\/es\/?p=266746","title":{"rendered":"Son &#8220;ficticias&#8221;, Rusia refuta acusaciones sobre uso de drones iran\u00edes en Ucrania"},"content":{"rendered":"<blockquote>\n<p style=\"text-align: justify;\"><strong>Denunci\u00f3 a EE.UU. y la Uni\u00f3n Europea (UE) por &#8220;intentar implicar sin razones a la Secretar\u00eda de la ONU en la trama&#8221; para imponer sanciones contra Mosc\u00fa y Teher\u00e1n.<\/strong><\/p>\n<\/blockquote>\n<p style=\"text-align: justify;\"><span style=\"color: #800000;\"><strong>Nueva York, 20 dic (SANA)<\/strong><\/span> En una reuni\u00f3n del Consejo de Seguridad de la ONU, el representante permanente de Rusia , Vasili Nebenzia, refut\u00f3 y tach\u00f3 de &#8220;ficticias&#8221; las acusaciones de que Mosc\u00fa supuestamente usa en Ucrania drones de producci\u00f3n iran\u00ed.<\/p>\n<p style=\"text-align: justify;\">Seg\u00fan el alto diplom\u00e1tico, citado por la cadena RT, las autoridades ucranianas &#8220;no han podido presentar a Teher\u00e1n ninguna prueba documental del uso de drones de origen iran\u00ed por militares rusos&#8221;.<\/p>\n<p style=\"text-align: justify;\">Asimismo, denunci\u00f3 a EE.UU. y la Uni\u00f3n Europea (UE) por &#8220;intentar implicar sin razones a la Secretar\u00eda de la ONU en la trama&#8221; para imponer sanciones contra Mosc\u00fa y Teher\u00e1n.<\/p>\n<p style=\"text-align: justify;\">fm<\/p>\n","protected":false},"excerpt":{"rendered":"<p>Denunci\u00f3 a EE.UU. y la Uni\u00f3n Europea (UE) por &#8220;intentar implicar sin razones a la Secretar\u00eda de la ONU en la trama&#8221; para imponer sanciones contra Mosc\u00fa y Teher\u00e1n. Nueva York, 20 dic (SANA) En una reuni\u00f3n del Consejo de Seguridad de la ONU, el representante permanente de Rusia , Vasili Nebenzia, refut\u00f3 y tach\u00f3 &hellip;<\/p>\n","protected":false},"author":34,"featured_media":266747,"comment_status":"closed","ping_status":"closed","sticky":false,"template":"","format":"standard","meta":{"footnotes":""},"categories":[597,456,20724,7541],"tags":[],"class_list":["post-266746","post","type-post","status-publish","format-standard","has-post-thumbnail","","category-cinta-de-noticias","category-arabe-internacional-politica","category-minuto-a-minuto","category-ultimas-noticias"],"_links":{"self":[{"href":"https:\/\/archive.sana.sy\/es\/index.php?rest_route=\/wp\/v2\/posts\/266746"}],"collection":[{"href":"https:\/\/archive.sana.sy\/es\/index.php?rest_route=\/wp\/v2\/posts"}],"about":[{"href":"https:\/\/archive.sana.sy\/es\/index.php?rest_route=\/wp\/v2\/types\/post"}],"author":[{"embeddable":true,"href":"https:\/\/archive.sana.sy\/es\/index.php?rest_route=\/wp\/v2\/users\/34"}],"replies":[{"embeddable":true,"href":"https:\/\/archive.sana.sy\/es\/index.php?rest_route=%2Fwp%2Fv2%2Fcomments&post=266746"}],"version-history":[{"count":0,"href":"https:\/\/archive.sana.sy\/es\/index.php?rest_route=\/wp\/v2\/posts\/266746\/revisions"}],"wp:featuredmedia":[{"embeddable":true,"href":"https:\/\/archive.sana.sy\/es\/index.php?rest_route=\/wp\/v2\/media\/266747"}],"wp:attachment":[{"href":"https:\/\/archive.sana.sy\/es\/index.php?rest_route=%2Fwp%2Fv2%2Fmedia&parent=266746"}],"wp:term":[{"taxonomy":"category","embeddable":true,"href":"https:\/\/archive.sana.sy\/es\/index.php?rest_route=%2Fwp%2Fv2%2Fcategories&post=266746"},{"taxonomy":"post_tag","embeddable":true,"href":"https:\/\/archive.sana.sy\/es\/index.php?rest_route=%2Fwp%2Fv2%2Ftags&post=266746"}],"curies":[{"name":"wp","href":"https:\/\/api.w.org\/{rel}","templated":true}]}}