{"id":266754,"date":"2022-12-20T05:13:32","date_gmt":"2022-12-20T03:13:32","guid":{"rendered":"http:\/\/107.6.182.27\/es\/?p=266754"},"modified":"2023-01-10T15:48:43","modified_gmt":"2023-01-10T13:48:43","slug":"indecente-y-ridiculo-critican-a-macron-por-intentar-consolar-a-mbappe","status":"publish","type":"post","link":"https:\/\/archive.sana.sy\/es\/?p=266754","title":{"rendered":"&#8220;Indecente y rid\u00edculo&#8221;, critican a Macron por intentar consolar a Mbapp\u00e9"},"content":{"rendered":"<blockquote>\n<p style=\"text-align: justify;\"><span style=\"color: #993300;\"><strong>&#8220;Fue un poco lamentable verlo pegarse como un cramp\u00f3n a Mbapp\u00e9&#8221;<\/strong><\/span><\/p>\n<\/blockquote>\n<p style=\"text-align: justify;\"><span style=\"color: #800000;\"><strong>Paris, 20 dic (SANA)<\/strong><\/span> El presidente franc\u00e9s, Emmanuel Macron, fue criticado por sus opositores debido al gesto que tuvo con Kylian Mbapp\u00e9, de la selecci\u00f3n de f\u00fatbol de Francia, tras la derrota del pa\u00eds europeo ante Argentina en el Mundial de Catar 2022.<\/p>\n<p style=\"text-align: justify;\">&#8220;Una actitud totalmente rid\u00edcula&#8221;, asest\u00f3 S\u00e9bastien Chenu, vicepresidente de Reagrupaci\u00f3n Nacional de Marine Le Pen (AN), partido considerado de extrema derecha.<\/p>\n<p style=\"text-align: justify;\">&#8220;Fue un poco lamentable verlo pegarse como un cramp\u00f3n a Mbapp\u00e9&#8221;, se\u00f1al\u00f3 citado por Sputnik Mundo .<\/p>\n<p style=\"text-align: justify;\">El diputado y l\u00edder del Partido Socialista, Olivier Faure, consider\u00f3 que fue un comportamiento &#8220;inapropiado y desagradable&#8221;.<\/p>\n<p style=\"text-align: justify;\">&#8220;Es totalmente indecente&#8230; si quer\u00eda ser \u00fatil a Francia, deber\u00eda haber estado en Montreal, donde terminaban las negociaciones de la COP15&#8221;, declar\u00f3 Marine Tondelier, nueva dirigente del partido Europa Ecolog\u00eda Los Verdes, a la agencia AFP.<\/p>\n<p style=\"text-align: justify;\">fm<\/p>\n","protected":false},"excerpt":{"rendered":"<p>&#8220;Fue un poco lamentable verlo pegarse como un cramp\u00f3n a Mbapp\u00e9&#8221; Paris, 20 dic (SANA) El presidente franc\u00e9s, Emmanuel Macron, fue criticado por sus opositores debido al gesto que tuvo con Kylian Mbapp\u00e9, de la selecci\u00f3n de f\u00fatbol de Francia, tras la derrota del pa\u00eds europeo ante Argentina en el Mundial de Catar 2022. &#8220;Una &hellip;<\/p>\n","protected":false},"author":34,"featured_media":266755,"comment_status":"closed","ping_status":"closed","sticky":false,"template":"","format":"standard","meta":{"footnotes":""},"categories":[597,456,20724,7541],"tags":[],"class_list":["post-266754","post","type-post","status-publish","format-standard","has-post-thumbnail","","category-cinta-de-noticias","category-arabe-internacional-politica","category-minuto-a-minuto","category-ultimas-noticias"],"_links":{"self":[{"href":"https:\/\/archive.sana.sy\/es\/index.php?rest_route=\/wp\/v2\/posts\/266754"}],"collection":[{"href":"https:\/\/archive.sana.sy\/es\/index.php?rest_route=\/wp\/v2\/posts"}],"about":[{"href":"https:\/\/archive.sana.sy\/es\/index.php?rest_route=\/wp\/v2\/types\/post"}],"author":[{"embeddable":true,"href":"https:\/\/archive.sana.sy\/es\/index.php?rest_route=\/wp\/v2\/users\/34"}],"replies":[{"embeddable":true,"href":"https:\/\/archive.sana.sy\/es\/index.php?rest_route=%2Fwp%2Fv2%2Fcomments&post=266754"}],"version-history":[{"count":0,"href":"https:\/\/archive.sana.sy\/es\/index.php?rest_route=\/wp\/v2\/posts\/266754\/revisions"}],"wp:featuredmedia":[{"embeddable":true,"href":"https:\/\/archive.sana.sy\/es\/index.php?rest_route=\/wp\/v2\/media\/266755"}],"wp:attachment":[{"href":"https:\/\/archive.sana.sy\/es\/index.php?rest_route=%2Fwp%2Fv2%2Fmedia&parent=266754"}],"wp:term":[{"taxonomy":"category","embeddable":true,"href":"https:\/\/archive.sana.sy\/es\/index.php?rest_route=%2Fwp%2Fv2%2Fcategories&post=266754"},{"taxonomy":"post_tag","embeddable":true,"href":"https:\/\/archive.sana.sy\/es\/index.php?rest_route=%2Fwp%2Fv2%2Ftags&post=266754"}],"curies":[{"name":"wp","href":"https:\/\/api.w.org\/{rel}","templated":true}]}}