{"id":266788,"date":"2022-12-20T10:27:25","date_gmt":"2022-12-20T08:27:25","guid":{"rendered":"http:\/\/107.6.182.27\/es\/?p=266788"},"modified":"2023-01-10T15:48:43","modified_gmt":"2023-01-10T13:48:43","slug":"medvedev-la-decision-de-negociar-con-rusia-no-depende-de-keiv","status":"publish","type":"post","link":"https:\/\/archive.sana.sy\/es\/?p=266788","title":{"rendered":"Medvedev: La decisi\u00f3n de negociar con Rusia no depende de Keiv"},"content":{"rendered":"<p style=\"text-align: justify;\"><span style=\"color: #800000;\"><strong>Mosc\u00fa, 20 dic (SANA)\u00a0 \u00a0<\/strong><\/span>El vicepresidente del Consejo de Seguridad de Rusia, Dmitry Medvedev, describi\u00f3 las declaraciones de los pol\u00edticos brit\u00e1nicos de que la decisi\u00f3n de entablar negociaciones con Rusia depende de Ucrania, como declaraciones desvergonzadas.<\/p>\n<p style=\"text-align: justify;\">Russia Today cit\u00f3 a Medvedev diciendo: \u201cEsto ocurre en un momento en que los anglosajones est\u00e1n hablando en todos los lugares adecuados e inapropiados sobre que los ucranianos decidir\u00e1n por s\u00ed mismos si negociar\u00e1n con nosotros o no, y por lo tanto, sus mentiras, hipocres\u00eda y insolencias no tienen l\u00edmites.\u201d<\/p>\n<p style=\"text-align: justify;\">Cabe se\u00f1alar que Rusia ha confirmado repetidamente su apertura a las negociaciones con Ucrania, pero indic\u00f3 que la negociaci\u00f3n es imposible a la luz de la posici\u00f3n actual de las autoridades ucranianas.<\/p>\n<p style=\"text-align: justify;\">as\/fm<\/p>\n","protected":false},"excerpt":{"rendered":"<p>Mosc\u00fa, 20 dic (SANA)\u00a0 \u00a0El vicepresidente del Consejo de Seguridad de Rusia, Dmitry Medvedev, describi\u00f3 las declaraciones de los pol\u00edticos brit\u00e1nicos de que la decisi\u00f3n de entablar negociaciones con Rusia depende de Ucrania, como declaraciones desvergonzadas. Russia Today cit\u00f3 a Medvedev diciendo: \u201cEsto ocurre en un momento en que los anglosajones est\u00e1n hablando en todos &hellip;<\/p>\n","protected":false},"author":42,"featured_media":266789,"comment_status":"closed","ping_status":"closed","sticky":false,"template":"","format":"standard","meta":{"footnotes":""},"categories":[597,456,20724,7541],"tags":[],"class_list":["post-266788","post","type-post","status-publish","format-standard","has-post-thumbnail","","category-cinta-de-noticias","category-arabe-internacional-politica","category-minuto-a-minuto","category-ultimas-noticias"],"_links":{"self":[{"href":"https:\/\/archive.sana.sy\/es\/index.php?rest_route=\/wp\/v2\/posts\/266788"}],"collection":[{"href":"https:\/\/archive.sana.sy\/es\/index.php?rest_route=\/wp\/v2\/posts"}],"about":[{"href":"https:\/\/archive.sana.sy\/es\/index.php?rest_route=\/wp\/v2\/types\/post"}],"author":[{"embeddable":true,"href":"https:\/\/archive.sana.sy\/es\/index.php?rest_route=\/wp\/v2\/users\/42"}],"replies":[{"embeddable":true,"href":"https:\/\/archive.sana.sy\/es\/index.php?rest_route=%2Fwp%2Fv2%2Fcomments&post=266788"}],"version-history":[{"count":0,"href":"https:\/\/archive.sana.sy\/es\/index.php?rest_route=\/wp\/v2\/posts\/266788\/revisions"}],"wp:featuredmedia":[{"embeddable":true,"href":"https:\/\/archive.sana.sy\/es\/index.php?rest_route=\/wp\/v2\/media\/266789"}],"wp:attachment":[{"href":"https:\/\/archive.sana.sy\/es\/index.php?rest_route=%2Fwp%2Fv2%2Fmedia&parent=266788"}],"wp:term":[{"taxonomy":"category","embeddable":true,"href":"https:\/\/archive.sana.sy\/es\/index.php?rest_route=%2Fwp%2Fv2%2Fcategories&post=266788"},{"taxonomy":"post_tag","embeddable":true,"href":"https:\/\/archive.sana.sy\/es\/index.php?rest_route=%2Fwp%2Fv2%2Ftags&post=266788"}],"curies":[{"name":"wp","href":"https:\/\/api.w.org\/{rel}","templated":true}]}}