{"id":266801,"date":"2022-12-20T12:08:52","date_gmt":"2022-12-20T10:08:52","guid":{"rendered":"http:\/\/107.6.182.27\/es\/?p=266801"},"modified":"2023-01-10T15:48:42","modified_gmt":"2023-01-10T13:48:42","slug":"heridos-y-detenidos-palestinos-durante-una-redada-israeli-en-cisjordania-2","status":"publish","type":"post","link":"https:\/\/archive.sana.sy\/es\/?p=266801","title":{"rendered":"Heridos y detenidos palestinos durante una redada israel\u00ed en Cisjordania"},"content":{"rendered":"<p style=\"text-align: justify;\">Jerusal\u00e9n ocupada, 20 dic (SANA)\u00a0 \u00a0 Varios palestinos resultaron heridos y otros fueron arrestados durante una redada de las fuerzas de ocupaci\u00f3n israel\u00edes en diversas \u00e1reas de Cisjordania.<\/p>\n<p style=\"text-align: justify;\">La agencia de noticias Wafa inform\u00f3 que los militares israel\u00edes irrumpieron en la ciudad de Hebr\u00f3n, donde atacaron a los palestinos con botes de gas lacrim\u00f3geno provocando casos de asfixia entre ellos.<\/p>\n<p style=\"text-align: justify;\">Asimismo, las tropas sionistas asaltaron el \u00e1rea de Wadi Maali en Bel\u00e9n y las ciudades de Qabatiya y Jenin, donde arrestaron a diez palestinos.<\/p>\n<p style=\"text-align: justify;\">En la v\u00edspera, los militares israel\u00edes arrestaron a 12 palestinos en Cisjordania.<\/p>\n<p style=\"text-align: justify;\">ed\/fm<\/p>\n","protected":false},"excerpt":{"rendered":"<p>Jerusal\u00e9n ocupada, 20 dic (SANA)\u00a0 \u00a0 Varios palestinos resultaron heridos y otros fueron arrestados durante una redada de las fuerzas de ocupaci\u00f3n israel\u00edes en diversas \u00e1reas de Cisjordania. La agencia de noticias Wafa inform\u00f3 que los militares israel\u00edes irrumpieron en la ciudad de Hebr\u00f3n, donde atacaron a los palestinos con botes de gas lacrim\u00f3geno provocando &hellip;<\/p>\n","protected":false},"author":32,"featured_media":266804,"comment_status":"closed","ping_status":"closed","sticky":false,"template":"","format":"standard","meta":{"footnotes":""},"categories":[597,456,7541],"tags":[],"class_list":["post-266801","post","type-post","status-publish","format-standard","has-post-thumbnail","","category-cinta-de-noticias","category-arabe-internacional-politica","category-ultimas-noticias"],"_links":{"self":[{"href":"https:\/\/archive.sana.sy\/es\/index.php?rest_route=\/wp\/v2\/posts\/266801"}],"collection":[{"href":"https:\/\/archive.sana.sy\/es\/index.php?rest_route=\/wp\/v2\/posts"}],"about":[{"href":"https:\/\/archive.sana.sy\/es\/index.php?rest_route=\/wp\/v2\/types\/post"}],"author":[{"embeddable":true,"href":"https:\/\/archive.sana.sy\/es\/index.php?rest_route=\/wp\/v2\/users\/32"}],"replies":[{"embeddable":true,"href":"https:\/\/archive.sana.sy\/es\/index.php?rest_route=%2Fwp%2Fv2%2Fcomments&post=266801"}],"version-history":[{"count":0,"href":"https:\/\/archive.sana.sy\/es\/index.php?rest_route=\/wp\/v2\/posts\/266801\/revisions"}],"wp:featuredmedia":[{"embeddable":true,"href":"https:\/\/archive.sana.sy\/es\/index.php?rest_route=\/wp\/v2\/media\/266804"}],"wp:attachment":[{"href":"https:\/\/archive.sana.sy\/es\/index.php?rest_route=%2Fwp%2Fv2%2Fmedia&parent=266801"}],"wp:term":[{"taxonomy":"category","embeddable":true,"href":"https:\/\/archive.sana.sy\/es\/index.php?rest_route=%2Fwp%2Fv2%2Fcategories&post=266801"},{"taxonomy":"post_tag","embeddable":true,"href":"https:\/\/archive.sana.sy\/es\/index.php?rest_route=%2Fwp%2Fv2%2Ftags&post=266801"}],"curies":[{"name":"wp","href":"https:\/\/api.w.org\/{rel}","templated":true}]}}