{"id":266805,"date":"2022-12-20T12:26:12","date_gmt":"2022-12-20T10:26:12","guid":{"rendered":"http:\/\/107.6.182.27\/es\/?p=266805"},"modified":"2023-01-10T15:48:42","modified_gmt":"2023-01-10T13:48:42","slug":"ejercicio-naval-conjunto-destinado-a-mostrar-la-intencion-de-rusia-y-china-de-responder-a-las-amenazas","status":"publish","type":"post","link":"https:\/\/archive.sana.sy\/es\/?p=266805","title":{"rendered":"Ejercicio naval conjunto destinado a mostrar la intenci\u00f3n de Rusia y China de responder a las amenazas"},"content":{"rendered":"<p style=\"text-align: justify;\"><span style=\"color: #800000;\"><strong>Pek\u00edn, 20 dic (SANA) <\/strong><\/span>El Ministerio de Defensa de China declar\u00f3 que &#8220;las maniobras militares conjuntas tienen como objetivo demostrar la determinaci\u00f3n y la capacidad de las dos partes para responder de manera conjunta a las amenazas a la seguridad mar\u00edtima, y de mantener la paz y la estabilidad internacionales y regionales\u201d<br \/>\nEl Ministerio de Defensa ruso anunci\u00f3 el lunes que Rusia y China realizar\u00e1n maniobras navales conjuntas del 21 al 27 de diciembre.<\/p>\n<p style=\"text-align: justify;\">Consider\u00f3 que estos ejercicios son una prueba de que la asociaci\u00f3n estrat\u00e9gica integral entre Beijing y Mosc\u00fa se ha profundizado a\u00fan m\u00e1s.<\/p>\n<p style=\"text-align: justify;\">El ejercicio se llevar\u00e1 a cabo en aguas al este del \u00e1rea mar\u00edtima desde Zhoushan hasta Taizhou, provincia de Zhejiang.<\/p>\n<p style=\"text-align: justify;\">ed\/fm<\/p>\n","protected":false},"excerpt":{"rendered":"<p>Pek\u00edn, 20 dic (SANA) El Ministerio de Defensa de China declar\u00f3 que &#8220;las maniobras militares conjuntas tienen como objetivo demostrar la determinaci\u00f3n y la capacidad de las dos partes para responder de manera conjunta a las amenazas a la seguridad mar\u00edtima, y de mantener la paz y la estabilidad internacionales y regionales\u201d El Ministerio de &hellip;<\/p>\n","protected":false},"author":42,"featured_media":266806,"comment_status":"closed","ping_status":"closed","sticky":false,"template":"","format":"standard","meta":{"footnotes":""},"categories":[597,456,20724,7541],"tags":[],"class_list":["post-266805","post","type-post","status-publish","format-standard","has-post-thumbnail","","category-cinta-de-noticias","category-arabe-internacional-politica","category-minuto-a-minuto","category-ultimas-noticias"],"_links":{"self":[{"href":"https:\/\/archive.sana.sy\/es\/index.php?rest_route=\/wp\/v2\/posts\/266805"}],"collection":[{"href":"https:\/\/archive.sana.sy\/es\/index.php?rest_route=\/wp\/v2\/posts"}],"about":[{"href":"https:\/\/archive.sana.sy\/es\/index.php?rest_route=\/wp\/v2\/types\/post"}],"author":[{"embeddable":true,"href":"https:\/\/archive.sana.sy\/es\/index.php?rest_route=\/wp\/v2\/users\/42"}],"replies":[{"embeddable":true,"href":"https:\/\/archive.sana.sy\/es\/index.php?rest_route=%2Fwp%2Fv2%2Fcomments&post=266805"}],"version-history":[{"count":0,"href":"https:\/\/archive.sana.sy\/es\/index.php?rest_route=\/wp\/v2\/posts\/266805\/revisions"}],"wp:featuredmedia":[{"embeddable":true,"href":"https:\/\/archive.sana.sy\/es\/index.php?rest_route=\/wp\/v2\/media\/266806"}],"wp:attachment":[{"href":"https:\/\/archive.sana.sy\/es\/index.php?rest_route=%2Fwp%2Fv2%2Fmedia&parent=266805"}],"wp:term":[{"taxonomy":"category","embeddable":true,"href":"https:\/\/archive.sana.sy\/es\/index.php?rest_route=%2Fwp%2Fv2%2Fcategories&post=266805"},{"taxonomy":"post_tag","embeddable":true,"href":"https:\/\/archive.sana.sy\/es\/index.php?rest_route=%2Fwp%2Fv2%2Ftags&post=266805"}],"curies":[{"name":"wp","href":"https:\/\/api.w.org\/{rel}","templated":true}]}}