{"id":266819,"date":"2022-12-20T14:08:12","date_gmt":"2022-12-20T12:08:12","guid":{"rendered":"http:\/\/107.6.182.27\/es\/?p=266819"},"modified":"2022-12-20T14:08:45","modified_gmt":"2022-12-20T12:08:45","slug":"%e2%9a%a1%ef%b8%8f-tres-cazas-ucranianos-mig-29-un-su-25-y-un-helicoptero-mi-8-fueron-derribados-en-el-ultimo-dia-asi-como-fueron-eliminados-mas-de-100-soldados-y-tres-grupos-de-sabotaje-de-kiev-en","status":"publish","type":"post","link":"https:\/\/archive.sana.sy\/es\/?p=266819","title":{"rendered":"\u26a1\ufe0f Tres cazas ucranianos MiG-29, un Su-25 y un helic\u00f3ptero Mi-8 fueron derribados en el \u00faltimo d\u00eda, as\u00ed como fueron eliminados m\u00e1s de 100 soldados y tres grupos de sabotaje de Kiev en la Rep\u00fablica de Luhansk"},"content":{"rendered":"","protected":false},"excerpt":{"rendered":"","protected":false},"author":34,"featured_media":0,"comment_status":"closed","ping_status":"closed","sticky":false,"template":"","format":"standard","meta":{"footnotes":""},"categories":[596],"tags":[],"class_list":["post-266819","post","type-post","status-publish","format-standard","","category-urgente"],"_links":{"self":[{"href":"https:\/\/archive.sana.sy\/es\/index.php?rest_route=\/wp\/v2\/posts\/266819"}],"collection":[{"href":"https:\/\/archive.sana.sy\/es\/index.php?rest_route=\/wp\/v2\/posts"}],"about":[{"href":"https:\/\/archive.sana.sy\/es\/index.php?rest_route=\/wp\/v2\/types\/post"}],"author":[{"embeddable":true,"href":"https:\/\/archive.sana.sy\/es\/index.php?rest_route=\/wp\/v2\/users\/34"}],"replies":[{"embeddable":true,"href":"https:\/\/archive.sana.sy\/es\/index.php?rest_route=%2Fwp%2Fv2%2Fcomments&post=266819"}],"version-history":[{"count":0,"href":"https:\/\/archive.sana.sy\/es\/index.php?rest_route=\/wp\/v2\/posts\/266819\/revisions"}],"wp:attachment":[{"href":"https:\/\/archive.sana.sy\/es\/index.php?rest_route=%2Fwp%2Fv2%2Fmedia&parent=266819"}],"wp:term":[{"taxonomy":"category","embeddable":true,"href":"https:\/\/archive.sana.sy\/es\/index.php?rest_route=%2Fwp%2Fv2%2Fcategories&post=266819"},{"taxonomy":"post_tag","embeddable":true,"href":"https:\/\/archive.sana.sy\/es\/index.php?rest_route=%2Fwp%2Fv2%2Ftags&post=266819"}],"curies":[{"name":"wp","href":"https:\/\/api.w.org\/{rel}","templated":true}]}}