{"id":266823,"date":"2022-12-20T14:25:35","date_gmt":"2022-12-20T12:25:35","guid":{"rendered":"http:\/\/107.6.182.27\/es\/?p=266823"},"modified":"2022-12-20T14:25:35","modified_gmt":"2022-12-20T12:25:35","slug":"ciclistas-sirios-ganan-medallas-de-oro-y-bronce-en-el-campeonato-arabe-de-ciclismo","status":"publish","type":"post","link":"https:\/\/archive.sana.sy\/es\/?p=266823","title":{"rendered":"Ciclistas sirios ganan medallas de oro y bronce en el Campeonato \u00c1rabe de Ciclismo"},"content":{"rendered":"<p style=\"text-align: justify;\"><span style=\"color: #800000;\"><strong>Abu Dabi, 20 dic (SANA)\u00a0<\/strong><\/span>\u00a0 La selecci\u00f3n siria de ciclismo logr\u00f3 dos nuevas medallas de oro y bronce, en el Campeonato \u00c1rabe que se celebra actualmente en Emiratos \u00c1rabes Unidos, con la participaci\u00f3n de diecisiete pa\u00edses.<\/p>\n<p style=\"text-align: justify;\">La medalla de oro la logr\u00f3 \u00a0Sandy Dergham en la carrera contrarreloj individual juvenil y la medalla de bronce fue obtenida por Miran Al-Faris en la categor\u00eda sub-23 en la carrera contrarreloj individual.<\/p>\n<p style=\"text-align: justify;\">Las ciclistas sirias consiguieron el primer puesto en el mismo torneo, en la carrera por equipos contrarreloj.<\/p>\n<p style=\"text-align: justify;\">fm<\/p>\n","protected":false},"excerpt":{"rendered":"<p>Abu Dabi, 20 dic (SANA)\u00a0\u00a0 La selecci\u00f3n siria de ciclismo logr\u00f3 dos nuevas medallas de oro y bronce, en el Campeonato \u00c1rabe que se celebra actualmente en Emiratos \u00c1rabes Unidos, con la participaci\u00f3n de diecisiete pa\u00edses. La medalla de oro la logr\u00f3 \u00a0Sandy Dergham en la carrera contrarreloj individual juvenil y la medalla de bronce &hellip;<\/p>\n","protected":false},"author":34,"featured_media":266824,"comment_status":"closed","ping_status":"closed","sticky":false,"template":"","format":"standard","meta":{"footnotes":""},"categories":[597,494,476,467,7541],"tags":[],"class_list":["post-266823","post","type-post","status-publish","format-standard","has-post-thumbnail","","category-cinta-de-noticias","category-deportes","category-locales","category-siria-y-el-mundo","category-ultimas-noticias"],"_links":{"self":[{"href":"https:\/\/archive.sana.sy\/es\/index.php?rest_route=\/wp\/v2\/posts\/266823"}],"collection":[{"href":"https:\/\/archive.sana.sy\/es\/index.php?rest_route=\/wp\/v2\/posts"}],"about":[{"href":"https:\/\/archive.sana.sy\/es\/index.php?rest_route=\/wp\/v2\/types\/post"}],"author":[{"embeddable":true,"href":"https:\/\/archive.sana.sy\/es\/index.php?rest_route=\/wp\/v2\/users\/34"}],"replies":[{"embeddable":true,"href":"https:\/\/archive.sana.sy\/es\/index.php?rest_route=%2Fwp%2Fv2%2Fcomments&post=266823"}],"version-history":[{"count":0,"href":"https:\/\/archive.sana.sy\/es\/index.php?rest_route=\/wp\/v2\/posts\/266823\/revisions"}],"wp:featuredmedia":[{"embeddable":true,"href":"https:\/\/archive.sana.sy\/es\/index.php?rest_route=\/wp\/v2\/media\/266824"}],"wp:attachment":[{"href":"https:\/\/archive.sana.sy\/es\/index.php?rest_route=%2Fwp%2Fv2%2Fmedia&parent=266823"}],"wp:term":[{"taxonomy":"category","embeddable":true,"href":"https:\/\/archive.sana.sy\/es\/index.php?rest_route=%2Fwp%2Fv2%2Fcategories&post=266823"},{"taxonomy":"post_tag","embeddable":true,"href":"https:\/\/archive.sana.sy\/es\/index.php?rest_route=%2Fwp%2Fv2%2Ftags&post=266823"}],"curies":[{"name":"wp","href":"https:\/\/api.w.org\/{rel}","templated":true}]}}