{"id":266841,"date":"2022-12-20T16:38:24","date_gmt":"2022-12-20T14:38:24","guid":{"rendered":"http:\/\/107.6.182.27\/es\/?p=266841"},"modified":"2023-01-10T14:02:13","modified_gmt":"2023-01-10T12:02:13","slug":"sirios-del-golan-mantendremos-la-lucha-con-los-hermanos-palestinos-hasta-liberar-a-nuestros-territorios-ocupados","status":"publish","type":"post","link":"https:\/\/archive.sana.sy\/es\/?p=266841","title":{"rendered":"Sirios del Gol\u00e1n: Mantenemos la lucha con los hermanos palestinos hasta liberar a nuestros territorios ocupados"},"content":{"rendered":"<p style=\"text-align: justify;\"><strong><span style=\"color: #800000;\">Gol\u00e1n sirio ocupado, 20 dic (SANA)<\/span><\/strong> Nuestros connacionales en el Gol\u00e1n sirio ocupado reiteraron la continuaci\u00f3n de lucha codo a codo con el pueblo palestino hasta la liberaci\u00f3n completa del territorio golan\u00e9s y de Palestina ocupada.<\/p>\n<p style=\"text-align: justify;\">En un comunicado emitido este martes, los golaneses expresaron sus sinceras condolencias a sus hermanos palestinos por la partida f\u00edsica del l\u00edder y combatiente Nasser Abu Hamid, quien cay\u00f3 m\u00e1rtir dentro de los centros de detenci\u00f3n del ocupante israel\u00ed por culpa de la pol\u00edtica de represi\u00f3n, brutalidad y la negligencia m\u00e9dica deliberada a las se someten los prisioneros \u00e1rabes.<\/p>\n<p style=\"text-align: justify;\">\u201cHemos compartido con el pueblo palestino el sufrimiento, la opresi\u00f3n y la injusticia del ocupante y continuamos la lucha con nuestros hermanos hasta liberar todo el Gol\u00e1n sirio y Palestina ocupada\u201d, subray\u00f3 el comunicado.<\/p>\n<p style=\"text-align: justify;\">Abu Hamid perdi\u00f3 su vida esta ma\u00f1ana los 50 a\u00f1os tras un largo sufrimiento por c\u00e1ncer de pulm\u00f3n. Su estado de salud se exacerb\u00f3 tras la negativa de las autoridades israel\u00edes a hacerle los ex\u00e1menes necesarios y trasladarlo a un hospital en Cisjordania a pesar del grave deterioro de su condici\u00f3n desde agosto de 2021 .<\/p>\n<p style=\"text-align: justify;\">la<\/p>\n","protected":false},"excerpt":{"rendered":"<p>Gol\u00e1n sirio ocupado, 20 dic (SANA) Nuestros connacionales en el Gol\u00e1n sirio ocupado reiteraron la continuaci\u00f3n de lucha codo a codo con el pueblo palestino hasta la liberaci\u00f3n completa del territorio golan\u00e9s y de Palestina ocupada. En un comunicado emitido este martes, los golaneses expresaron sus sinceras condolencias a sus hermanos palestinos por la partida &hellip;<\/p>\n","protected":false},"author":24,"featured_media":266922,"comment_status":"closed","ping_status":"closed","sticky":false,"template":"","format":"standard","meta":{"footnotes":""},"categories":[447,597,476,583],"tags":[],"class_list":["post-266841","post","type-post","status-publish","format-standard","has-post-thumbnail","","category-local-politica","category-cinta-de-noticias","category-locales","category-slide"],"_links":{"self":[{"href":"https:\/\/archive.sana.sy\/es\/index.php?rest_route=\/wp\/v2\/posts\/266841"}],"collection":[{"href":"https:\/\/archive.sana.sy\/es\/index.php?rest_route=\/wp\/v2\/posts"}],"about":[{"href":"https:\/\/archive.sana.sy\/es\/index.php?rest_route=\/wp\/v2\/types\/post"}],"author":[{"embeddable":true,"href":"https:\/\/archive.sana.sy\/es\/index.php?rest_route=\/wp\/v2\/users\/24"}],"replies":[{"embeddable":true,"href":"https:\/\/archive.sana.sy\/es\/index.php?rest_route=%2Fwp%2Fv2%2Fcomments&post=266841"}],"version-history":[{"count":0,"href":"https:\/\/archive.sana.sy\/es\/index.php?rest_route=\/wp\/v2\/posts\/266841\/revisions"}],"wp:featuredmedia":[{"embeddable":true,"href":"https:\/\/archive.sana.sy\/es\/index.php?rest_route=\/wp\/v2\/media\/266922"}],"wp:attachment":[{"href":"https:\/\/archive.sana.sy\/es\/index.php?rest_route=%2Fwp%2Fv2%2Fmedia&parent=266841"}],"wp:term":[{"taxonomy":"category","embeddable":true,"href":"https:\/\/archive.sana.sy\/es\/index.php?rest_route=%2Fwp%2Fv2%2Fcategories&post=266841"},{"taxonomy":"post_tag","embeddable":true,"href":"https:\/\/archive.sana.sy\/es\/index.php?rest_route=%2Fwp%2Fv2%2Ftags&post=266841"}],"curies":[{"name":"wp","href":"https:\/\/api.w.org\/{rel}","templated":true}]}}