{"id":266848,"date":"2022-12-20T17:22:24","date_gmt":"2022-12-20T15:22:24","guid":{"rendered":"http:\/\/107.6.182.27\/es\/?p=266848"},"modified":"2023-01-10T15:48:41","modified_gmt":"2023-01-10T13:48:41","slug":"explosion-en-gasoducto-ruso-que-suministra-gas-a-europa-y-los-precios-del-gas-suben-en-europa","status":"publish","type":"post","link":"https:\/\/archive.sana.sy\/es\/?p=266848","title":{"rendered":"Explosi\u00f3n de gasoducto en el centro de Rusia, y los precios del gas suben en Europa"},"content":{"rendered":"<p style=\"text-align: justify\"><span style=\"color: #800000\"><strong>Mosc\u00fa, 20 dic (SANA)<\/strong> <\/span>Tres personas perdieron la vida y otra result\u00f3 herida tras la explosi\u00f3n de un gasoducto en la Rep\u00fablica de Chuvashia ubicada en el centro de Rusia.<\/p>\n<p style=\"text-align: justify\">Las agencias, Novosti y TASS, citaron al jefe de la administraci\u00f3n local y fuentes de los servicios de emergencia diciendo que en el accidente provoc\u00f3 tres muertos y un herido, todos ellos fueron trabajadores que realizaban obras de mantenimiento en la tuber\u00eda.<\/p>\n<p style=\"text-align: justify\">La rama del Ministerio de Emergencias de la Rep\u00fablica de Chuvashia indic\u00f3 que el estallido ocurri\u00f3 a unos 50 kil\u00f3metros al sur de la capital, Cheboksary, donde se desat\u00f3 un incendio tras la fuga de gas en Urengoy-Pomary-Uzhgorod, que transporta gas ruso desde yacimientos siberianos a Europa.<\/p>\n<p style=\"text-align: justify\">Tras esta noticia el precio del gas en Europa salt\u00f3 a casi 1.260 d\u00f3lares por 1.000 metros c\u00fabicos despu\u00e9s de que se mantuvieran estables en 1.100 d\u00f3lares a primera hora del d\u00eda.<\/p>\n<p style=\"text-align: justify\">la<\/p>\n","protected":false},"excerpt":{"rendered":"<p>Mosc\u00fa, 20 dic (SANA) Tres personas perdieron la vida y otra result\u00f3 herida tras la explosi\u00f3n de un gasoducto en la Rep\u00fablica de Chuvashia ubicada en el centro de Rusia. Las agencias, Novosti y TASS, citaron al jefe de la administraci\u00f3n local y fuentes de los servicios de emergencia diciendo que en el accidente provoc\u00f3 &hellip;<\/p>\n","protected":false},"author":24,"featured_media":266849,"comment_status":"closed","ping_status":"closed","sticky":false,"template":"","format":"standard","meta":{"footnotes":""},"categories":[447,597,456,20724,7541],"tags":[],"class_list":["post-266848","post","type-post","status-publish","format-standard","has-post-thumbnail","","category-local-politica","category-cinta-de-noticias","category-arabe-internacional-politica","category-minuto-a-minuto","category-ultimas-noticias"],"_links":{"self":[{"href":"https:\/\/archive.sana.sy\/es\/index.php?rest_route=\/wp\/v2\/posts\/266848"}],"collection":[{"href":"https:\/\/archive.sana.sy\/es\/index.php?rest_route=\/wp\/v2\/posts"}],"about":[{"href":"https:\/\/archive.sana.sy\/es\/index.php?rest_route=\/wp\/v2\/types\/post"}],"author":[{"embeddable":true,"href":"https:\/\/archive.sana.sy\/es\/index.php?rest_route=\/wp\/v2\/users\/24"}],"replies":[{"embeddable":true,"href":"https:\/\/archive.sana.sy\/es\/index.php?rest_route=%2Fwp%2Fv2%2Fcomments&post=266848"}],"version-history":[{"count":0,"href":"https:\/\/archive.sana.sy\/es\/index.php?rest_route=\/wp\/v2\/posts\/266848\/revisions"}],"wp:featuredmedia":[{"embeddable":true,"href":"https:\/\/archive.sana.sy\/es\/index.php?rest_route=\/wp\/v2\/media\/266849"}],"wp:attachment":[{"href":"https:\/\/archive.sana.sy\/es\/index.php?rest_route=%2Fwp%2Fv2%2Fmedia&parent=266848"}],"wp:term":[{"taxonomy":"category","embeddable":true,"href":"https:\/\/archive.sana.sy\/es\/index.php?rest_route=%2Fwp%2Fv2%2Fcategories&post=266848"},{"taxonomy":"post_tag","embeddable":true,"href":"https:\/\/archive.sana.sy\/es\/index.php?rest_route=%2Fwp%2Fv2%2Ftags&post=266848"}],"curies":[{"name":"wp","href":"https:\/\/api.w.org\/{rel}","templated":true}]}}