{"id":26687,"date":"2015-07-15T20:26:10","date_gmt":"2015-07-15T17:26:10","guid":{"rendered":"http:\/\/sana.sy\/es\/?p=26687"},"modified":"2015-07-15T20:26:10","modified_gmt":"2015-07-15T17:26:10","slug":"registran-nuevos-ataques-saudies-con-victimas-mortales-en-yemen","status":"publish","type":"post","link":"https:\/\/archive.sana.sy\/es\/?p=26687","title":{"rendered":"Registran nuevos ataques saud\u00edes con v\u00edctimas mortales en Yemen"},"content":{"rendered":"<p><span style=\"color: #800000\">San\u00e1-SANA<\/span><\/p>\n<p style=\"text-align: justify\">Los aviones de la coalici\u00f3n saud\u00ed lanzaron m\u00e1s de un centenar de ataques contra varias zonas de Ad\u00e9n, seg\u00fan inform\u00f3 el Ministerio de Defensa yemen\u00ed\u00f1 Asimismo, se inform\u00f3 que 16 ciudadanos perdieron la vida y decenas resultaron heridos por los ataques dirigidos por la aviaci\u00f3n saud\u00ed contra las ciudades de San\u00e1 y Sa\u00b4ada.<\/p>\n<p style=\"text-align: justify\">Por otro lado, aviones de combate saud\u00edes llevaron a cabo cuatro ataques contra una f\u00e1brica de cemento en la provincia sure\u00f1a de Lahij, una de las mayores del pa\u00eds, que qued\u00f3 totalmente destruida.<\/p>\n<p style=\"text-align: justify\">De igual manera, los obreros de la f\u00e1brica de cemento de la provincia suroccidental de Taiz informaron el martes de seis ataques saud\u00edes contra sus instalaciones, los cuales provocaron la destrucci\u00f3n total de esa f\u00e1brica.<\/p>\n<p style=\"text-align: justify\">Estos ataques tienen lugar despu\u00e9s de que el pasado 12 de junio el r\u00e9gimen de Riad efectuara cuatro bombardeos contra la f\u00e1brica de cemento de la provincia de la provincia norte\u00f1a de Amran y provocaran da\u00f1os por valor de casi 100 millones de d\u00f3lares.<\/p>\n<p>M.Miri<\/p>\n","protected":false},"excerpt":{"rendered":"<p>San\u00e1-SANA Los aviones de la coalici\u00f3n saud\u00ed lanzaron m\u00e1s de un centenar de ataques contra varias zonas de Ad\u00e9n, seg\u00fan inform\u00f3 el Ministerio de Defensa yemen\u00ed\u00f1 Asimismo, se inform\u00f3 que 16 ciudadanos perdieron la vida y decenas resultaron heridos por los ataques dirigidos por la aviaci\u00f3n saud\u00ed contra las ciudades de San\u00e1 y Sa\u00b4ada. Por &hellip;<\/p>\n","protected":false},"author":1,"featured_media":23348,"comment_status":"closed","ping_status":"closed","sticky":false,"template":"","format":"standard","meta":{"footnotes":""},"categories":[456,457],"tags":[5998],"class_list":["post-26687","post","type-post","status-publish","format-standard","has-post-thumbnail","","category-arabe-internacional-politica","category-noticias-arabe-internacional-politica","tag-registran-nuevos-ataques-saudies-con-victimas-mortales-en-yemen"],"_links":{"self":[{"href":"https:\/\/archive.sana.sy\/es\/index.php?rest_route=\/wp\/v2\/posts\/26687"}],"collection":[{"href":"https:\/\/archive.sana.sy\/es\/index.php?rest_route=\/wp\/v2\/posts"}],"about":[{"href":"https:\/\/archive.sana.sy\/es\/index.php?rest_route=\/wp\/v2\/types\/post"}],"author":[{"embeddable":true,"href":"https:\/\/archive.sana.sy\/es\/index.php?rest_route=\/wp\/v2\/users\/1"}],"replies":[{"embeddable":true,"href":"https:\/\/archive.sana.sy\/es\/index.php?rest_route=%2Fwp%2Fv2%2Fcomments&post=26687"}],"version-history":[{"count":0,"href":"https:\/\/archive.sana.sy\/es\/index.php?rest_route=\/wp\/v2\/posts\/26687\/revisions"}],"wp:featuredmedia":[{"embeddable":true,"href":"https:\/\/archive.sana.sy\/es\/index.php?rest_route=\/wp\/v2\/media\/23348"}],"wp:attachment":[{"href":"https:\/\/archive.sana.sy\/es\/index.php?rest_route=%2Fwp%2Fv2%2Fmedia&parent=26687"}],"wp:term":[{"taxonomy":"category","embeddable":true,"href":"https:\/\/archive.sana.sy\/es\/index.php?rest_route=%2Fwp%2Fv2%2Fcategories&post=26687"},{"taxonomy":"post_tag","embeddable":true,"href":"https:\/\/archive.sana.sy\/es\/index.php?rest_route=%2Fwp%2Fv2%2Ftags&post=26687"}],"curies":[{"name":"wp","href":"https:\/\/api.w.org\/{rel}","templated":true}]}}