{"id":266988,"date":"2022-12-21T14:22:45","date_gmt":"2022-12-21T12:22:45","guid":{"rendered":"http:\/\/107.6.182.27\/es\/?p=266988"},"modified":"2023-01-10T15:48:39","modified_gmt":"2023-01-10T13:48:39","slug":"putin-kiev-bombardea-barrios-residenciales-en-medio-de-un-apagon-informativo-por-parte-de-los-medios-occidentales","status":"publish","type":"post","link":"https:\/\/archive.sana.sy\/es\/?p=266988","title":{"rendered":"Putin: Kiev bombardea barrios residenciales en medio de un apag\u00f3n informativo por parte de los medios occidentales"},"content":{"rendered":"<p style=\"text-align: justify;\"><span style=\"color: #800000;\"><strong>Mosc\u00fa, 21 dic (SANA)<\/strong><\/span>\u00a0 El presidente ruso, Vlad\u00edmir Putin, subray\u00f3 que las fuerzas ucranianas atacaron deliberadamente barrios residenciales y objetivos civiles, en la ciudad de Donetsk .<\/p>\n<p style=\"text-align: justify;\">La situaci\u00f3n de seguridad en Donetsk no es menos grave que la de Lugansk, dado el intenso bombardeo perpetrado por el r\u00e9gimen de Kiev contra los civiles, en medio de un apag\u00f3n informativo por parte de los medios extranjeras y organizaciones de derechos humanos, recalc\u00f3 Putin durante una reuni\u00f3n con el presidente interino de la Rep\u00fablica Popular de Donetsk, Denis Pushilin.<\/p>\n<p style=\"text-align: justify;\">Por su parte, Pushlin pidi\u00f3 al mandatario ruso que refuerce la defensa a\u00e9rea en Donetsk para proteger las ciudades de los ataques ucraniano, y revel\u00f3 que 21 civiles murieron y otros 94 resultaron heridos como consecuencia de los bombardeos del ej\u00e9rcito ucraniano contra Donetsk del 2 al 18 del mes en curso.<\/p>\n<p style=\"text-align: justify;\"><em><strong>ws\/fm<\/strong><\/em><\/p>\n","protected":false},"excerpt":{"rendered":"<p>Mosc\u00fa, 21 dic (SANA)\u00a0 El presidente ruso, Vlad\u00edmir Putin, subray\u00f3 que las fuerzas ucranianas atacaron deliberadamente barrios residenciales y objetivos civiles, en la ciudad de Donetsk . La situaci\u00f3n de seguridad en Donetsk no es menos grave que la de Lugansk, dado el intenso bombardeo perpetrado por el r\u00e9gimen de Kiev contra los civiles, en &hellip;<\/p>\n","protected":false},"author":35,"featured_media":266989,"comment_status":"closed","ping_status":"closed","sticky":false,"template":"","format":"standard","meta":{"footnotes":""},"categories":[597,456,20724,7541],"tags":[],"class_list":["post-266988","post","type-post","status-publish","format-standard","has-post-thumbnail","","category-cinta-de-noticias","category-arabe-internacional-politica","category-minuto-a-minuto","category-ultimas-noticias"],"_links":{"self":[{"href":"https:\/\/archive.sana.sy\/es\/index.php?rest_route=\/wp\/v2\/posts\/266988"}],"collection":[{"href":"https:\/\/archive.sana.sy\/es\/index.php?rest_route=\/wp\/v2\/posts"}],"about":[{"href":"https:\/\/archive.sana.sy\/es\/index.php?rest_route=\/wp\/v2\/types\/post"}],"author":[{"embeddable":true,"href":"https:\/\/archive.sana.sy\/es\/index.php?rest_route=\/wp\/v2\/users\/35"}],"replies":[{"embeddable":true,"href":"https:\/\/archive.sana.sy\/es\/index.php?rest_route=%2Fwp%2Fv2%2Fcomments&post=266988"}],"version-history":[{"count":0,"href":"https:\/\/archive.sana.sy\/es\/index.php?rest_route=\/wp\/v2\/posts\/266988\/revisions"}],"wp:featuredmedia":[{"embeddable":true,"href":"https:\/\/archive.sana.sy\/es\/index.php?rest_route=\/wp\/v2\/media\/266989"}],"wp:attachment":[{"href":"https:\/\/archive.sana.sy\/es\/index.php?rest_route=%2Fwp%2Fv2%2Fmedia&parent=266988"}],"wp:term":[{"taxonomy":"category","embeddable":true,"href":"https:\/\/archive.sana.sy\/es\/index.php?rest_route=%2Fwp%2Fv2%2Fcategories&post=266988"},{"taxonomy":"post_tag","embeddable":true,"href":"https:\/\/archive.sana.sy\/es\/index.php?rest_route=%2Fwp%2Fv2%2Ftags&post=266988"}],"curies":[{"name":"wp","href":"https:\/\/api.w.org\/{rel}","templated":true}]}}