{"id":266992,"date":"2022-12-21T14:39:17","date_gmt":"2022-12-21T12:39:17","guid":{"rendered":"http:\/\/107.6.182.27\/es\/?p=266992"},"modified":"2023-01-10T15:48:39","modified_gmt":"2023-01-10T13:48:39","slug":"vershinin-los-paises-occidentales-en-su-mania-rusofoba-estan-dispuestos-a-violar-la-carta-de-la-onu","status":"publish","type":"post","link":"https:\/\/archive.sana.sy\/es\/?p=266992","title":{"rendered":"Vershinin: Los pa\u00edses occidentales en su man\u00eda rus\u00f3foba est\u00e1n dispuestos a violar la Carta de la ONU"},"content":{"rendered":"<blockquote>\n<p style=\"text-align: justify;\"><em><strong>Por otro lado, denunci\u00f3 que EEUU practica la caza de rusos por todo el mundo y procura su detenci\u00f3n bajo cargos ficticios para luego reclamar la extradici\u00f3n y condenarles a decenas de a\u00f1os de prisi\u00f3n.<\/strong><\/em><\/p>\n<\/blockquote>\n<p style=\"text-align: justify;\"><span style=\"color: #800000;\"><strong>Mosc\u00fa, 21 dic (SANA)<\/strong><\/span> El viceministro de Asuntos Exteriores de Rusia, Sergu\u00e9i Vershinin, dijo en una entrevista a Sputnik, que los pa\u00edses occidentales en su man\u00eda rus\u00f3foba est\u00e1n dispuestos a violar la Carta de la ONU, as\u00ed como a injerirse en los asuntos internos de Estados soberanos.<\/p>\n<p style=\"text-align: justify;\">\u201cLa creaci\u00f3n de un tribunal internacional especializado para Ucrania no tendr\u00e1 ninguna fuerza legal y se convertir\u00e1 en un sinsentido jur\u00eddico\u201d, precis\u00f3.<\/p>\n<p style=\"text-align: justify;\">Por otro lado, indic\u00f3 que en lugar de abordar los problemas reales de los residentes de la UE, es decir, cumplir con sus responsabilidades inmediatas, el Parlamento Europeo sigue produciendo los textos rus\u00f3fobos de confrontaci\u00f3n.<\/p>\n<p style=\"text-align: justify;\">\u201cLa UE con entusiasmo se uni\u00f3 a los esfuerzos para estimular artificialmente los estados de \u00e1nimos y las actividades de protesta en Rusia, con el fin de dividir nuestra sociedad\u201d, indic\u00f3 el diplom\u00e1tico.<\/p>\n<p style=\"text-align: justify;\">Por otro lado, denunci\u00f3 que EEUU practica la caza de rusos por todo el mundo y procura su detenci\u00f3n bajo cargos ficticios para luego reclamar la extradici\u00f3n y condenarles a decenas de a\u00f1os de prisi\u00f3n.<\/p>\n<p style=\"text-align: justify;\">fm\/AS<\/p>\n","protected":false},"excerpt":{"rendered":"<p>Por otro lado, denunci\u00f3 que EEUU practica la caza de rusos por todo el mundo y procura su detenci\u00f3n bajo cargos ficticios para luego reclamar la extradici\u00f3n y condenarles a decenas de a\u00f1os de prisi\u00f3n. Mosc\u00fa, 21 dic (SANA) El viceministro de Asuntos Exteriores de Rusia, Sergu\u00e9i Vershinin, dijo en una entrevista a Sputnik, que &hellip;<\/p>\n","protected":false},"author":42,"featured_media":266993,"comment_status":"closed","ping_status":"closed","sticky":false,"template":"","format":"standard","meta":{"footnotes":""},"categories":[597,456,20724,7541],"tags":[],"class_list":["post-266992","post","type-post","status-publish","format-standard","has-post-thumbnail","","category-cinta-de-noticias","category-arabe-internacional-politica","category-minuto-a-minuto","category-ultimas-noticias"],"_links":{"self":[{"href":"https:\/\/archive.sana.sy\/es\/index.php?rest_route=\/wp\/v2\/posts\/266992"}],"collection":[{"href":"https:\/\/archive.sana.sy\/es\/index.php?rest_route=\/wp\/v2\/posts"}],"about":[{"href":"https:\/\/archive.sana.sy\/es\/index.php?rest_route=\/wp\/v2\/types\/post"}],"author":[{"embeddable":true,"href":"https:\/\/archive.sana.sy\/es\/index.php?rest_route=\/wp\/v2\/users\/42"}],"replies":[{"embeddable":true,"href":"https:\/\/archive.sana.sy\/es\/index.php?rest_route=%2Fwp%2Fv2%2Fcomments&post=266992"}],"version-history":[{"count":0,"href":"https:\/\/archive.sana.sy\/es\/index.php?rest_route=\/wp\/v2\/posts\/266992\/revisions"}],"wp:featuredmedia":[{"embeddable":true,"href":"https:\/\/archive.sana.sy\/es\/index.php?rest_route=\/wp\/v2\/media\/266993"}],"wp:attachment":[{"href":"https:\/\/archive.sana.sy\/es\/index.php?rest_route=%2Fwp%2Fv2%2Fmedia&parent=266992"}],"wp:term":[{"taxonomy":"category","embeddable":true,"href":"https:\/\/archive.sana.sy\/es\/index.php?rest_route=%2Fwp%2Fv2%2Fcategories&post=266992"},{"taxonomy":"post_tag","embeddable":true,"href":"https:\/\/archive.sana.sy\/es\/index.php?rest_route=%2Fwp%2Fv2%2Ftags&post=266992"}],"curies":[{"name":"wp","href":"https:\/\/api.w.org\/{rel}","templated":true}]}}