{"id":267059,"date":"2022-12-22T04:33:28","date_gmt":"2022-12-22T02:33:28","guid":{"rendered":"http:\/\/107.6.182.27\/es\/?p=267059"},"modified":"2022-12-22T04:33:28","modified_gmt":"2022-12-22T02:33:28","slug":"cantos-por-la-alegria-y-la-paz-de-siria","status":"publish","type":"post","link":"https:\/\/archive.sana.sy\/es\/?p=267059","title":{"rendered":"Cantos por la alegr\u00eda y la paz de Siria"},"content":{"rendered":"<p style=\"text-align: justify;\"><span style=\"color: #800000;\"><strong>Damasco, 22 dic (SANA)<\/strong> <\/span>Con un mensaje de paz para el pueblo de Siria, el Coro de la Alegr\u00eda despidi\u00f3 hoy el espect\u00e1culo &#8220;Ilumina esta oscuridad&#8221;, en su condici\u00f3n de puente cultural entre la regi\u00f3n \u00e1rabe y el mundo.<\/p>\n<p style=\"text-align: justify;\">A trav\u00e9s del virtuosismo musical, el apoyo con im\u00e1genes de las afectaciones de la guerra y la remembranza a los desplazados, la velada art\u00edstica refrend\u00f3 el patriotismo y la fuerza de una naci\u00f3n que sufre del bloqueo de Estados Unidos y los ataques de Israel.<\/p>\n<p style=\"text-align: justify;\">La perspicaz llovizna invernal no impidi\u00f3 a los ciudadanos repletar la Casa de la \u00d3pera citadina y sobre el escenario m\u00e1s de un centenar de ni\u00f1os, j\u00f3venes y adultos regalaron armon\u00eda y felicidad.<\/p>\n<p style=\"text-align: justify;\">Por cerca de una hora, los presentes en la sala dejaron a un lado las problem\u00e1ticas cotidianas, los temores ante los bombardeos israel\u00edes y los cr\u00edmenes terroristas, para vitorear y regalar aplausos.<\/p>\n<p style=\"text-align: justify;\"><img loading=\"lazy\" decoding=\"async\" class=\"size-medium wp-image-267061 alignleft\" src=\"http:\/\/107.6.182.27\/es\/wp-content\/uploads\/2022\/12\/Siria-coro-2-300x225.jpg\" alt=\"\" width=\"300\" height=\"225\" srcset=\"https:\/\/archive.sana.sy\/es\/wp-content\/uploads\/2022\/12\/Siria-coro-2-300x225.jpg 300w, https:\/\/archive.sana.sy\/es\/wp-content\/uploads\/2022\/12\/Siria-coro-2-150x113.jpg 150w, https:\/\/archive.sana.sy\/es\/wp-content\/uploads\/2022\/12\/Siria-coro-2-768x576.jpg 768w, https:\/\/archive.sana.sy\/es\/wp-content\/uploads\/2022\/12\/Siria-coro-2.jpg 1024w\" sizes=\"(max-width: 300px) 100vw, 300px\" \/>Un programa variado de 17 canciones de autores nacionales, libaneses e internacionales amenizaron una noche musical que devolvi\u00f3 la esperanza y el optimismo con un mundo mejor.<\/p>\n<p style=\"text-align: justify;\">La inocencia de los peque\u00f1os, el amor de los adultos y la hermandad mostraron los valores m\u00e1s puros de un pa\u00eds que sortea la asfixia externa y busca recuperar la vitalidad de anta\u00f1o tras m\u00e1s de una d\u00e9cada de guerra.<\/p>\n<p style=\"text-align: justify;\">Fundado en 1977, el Coro de la Alegr\u00eda sali\u00f3 de los espacios eclesi\u00e1sticos para mostrar al mundo la cultura nacional siria y del Levante, bajo la gu\u00eda del sacerdote cat\u00f3lico El\u00edas Zahlawi, padre en la Iglesia de Nuestra Se\u00f1ora de Damasco.<\/p>\n<p style=\"text-align: justify;\">Precisamente, en su cumplea\u00f1os 90, el estudioso de la teolog\u00eda de la liberaci\u00f3n llam\u00f3 a fortalecer la naci\u00f3n a trav\u00e9s del amor, el respeto, la honestidad y el sacrificio, a favor de un mundo justo.<\/p>\n<p style=\"text-align: justify;\">El intelectual y acad\u00e9mico evoc\u00f3 en sus palabras a los ciudadanos desfavorecidos, los pobres de la tierra y convoc\u00f3 al retorno para reconstruir entre todos un pa\u00eds mejor.<\/p>\n<p style=\"text-align: justify;\">La emotiva interpretaci\u00f3n de las notas del Himno Nacional cerraron la velada del Coro de la Alegr\u00eda, con la confianza de que los tiempos por venir ser\u00e1n de m\u00e1s paz y progreso para el pueblo sirio.<\/p>\n<p style=\"text-align: justify;\"><strong>Fuente: \u00a0<\/strong><span style=\"color: #800000;\"><strong>Prensa Latina<\/strong><\/span><\/p>\n","protected":false},"excerpt":{"rendered":"<p>Damasco, 22 dic (SANA) Con un mensaje de paz para el pueblo de Siria, el Coro de la Alegr\u00eda despidi\u00f3 hoy el espect\u00e1culo &#8220;Ilumina esta oscuridad&#8221;, en su condici\u00f3n de puente cultural entre la regi\u00f3n \u00e1rabe y el mundo. A trav\u00e9s del virtuosismo musical, el apoyo con im\u00e1genes de las afectaciones de la guerra y &hellip;<\/p>\n","protected":false},"author":34,"featured_media":267060,"comment_status":"closed","ping_status":"closed","sticky":false,"template":"","format":"standard","meta":{"footnotes":""},"categories":[447,477,16929,597,20724,476,457,7541],"tags":[],"class_list":["post-267059","post","type-post","status-publish","format-standard","has-post-thumbnail","","category-local-politica","category-noticias-edulcorantes","category-articulos-de-opinion","category-cinta-de-noticias","category-minuto-a-minuto","category-locales","category-noticias-arabe-internacional-politica","category-ultimas-noticias"],"_links":{"self":[{"href":"https:\/\/archive.sana.sy\/es\/index.php?rest_route=\/wp\/v2\/posts\/267059"}],"collection":[{"href":"https:\/\/archive.sana.sy\/es\/index.php?rest_route=\/wp\/v2\/posts"}],"about":[{"href":"https:\/\/archive.sana.sy\/es\/index.php?rest_route=\/wp\/v2\/types\/post"}],"author":[{"embeddable":true,"href":"https:\/\/archive.sana.sy\/es\/index.php?rest_route=\/wp\/v2\/users\/34"}],"replies":[{"embeddable":true,"href":"https:\/\/archive.sana.sy\/es\/index.php?rest_route=%2Fwp%2Fv2%2Fcomments&post=267059"}],"version-history":[{"count":0,"href":"https:\/\/archive.sana.sy\/es\/index.php?rest_route=\/wp\/v2\/posts\/267059\/revisions"}],"wp:featuredmedia":[{"embeddable":true,"href":"https:\/\/archive.sana.sy\/es\/index.php?rest_route=\/wp\/v2\/media\/267060"}],"wp:attachment":[{"href":"https:\/\/archive.sana.sy\/es\/index.php?rest_route=%2Fwp%2Fv2%2Fmedia&parent=267059"}],"wp:term":[{"taxonomy":"category","embeddable":true,"href":"https:\/\/archive.sana.sy\/es\/index.php?rest_route=%2Fwp%2Fv2%2Fcategories&post=267059"},{"taxonomy":"post_tag","embeddable":true,"href":"https:\/\/archive.sana.sy\/es\/index.php?rest_route=%2Fwp%2Fv2%2Ftags&post=267059"}],"curies":[{"name":"wp","href":"https:\/\/api.w.org\/{rel}","templated":true}]}}