{"id":267179,"date":"2022-12-23T08:14:36","date_gmt":"2022-12-23T06:14:36","guid":{"rendered":"http:\/\/107.6.182.27\/es\/?p=267179"},"modified":"2023-01-10T15:48:36","modified_gmt":"2023-01-10T13:48:36","slug":"argelia-espera-unirse-al-grupo-brics-en-2023","status":"publish","type":"post","link":"https:\/\/archive.sana.sy\/es\/?p=267179","title":{"rendered":"Argelia espera unirse al grupo BRICS en 2023"},"content":{"rendered":"<blockquote>\n<p style=\"text-align: justify;\"><span style=\"color: #ff6600;\"><strong>\u201cArgelia se unir\u00e1 el pr\u00f3ximo a\u00f1o a los BRICS\u201d, dijo Tebboune en una entrevista con la Televisi\u00f3n Nacional de Argelina.<\/strong><\/span><\/p>\n<\/blockquote>\n<p style=\"text-align: justify;\"><span style=\"color: #800000;\"><strong>Argelia, 23 dic (SANA)<\/strong><\/span> Argelia espera oficializar su adhesi\u00f3n al grupo BRICS (Brasil, Rusia, la India, China y Sud\u00e1frica) el pr\u00f3ximo a\u00f1o, seg\u00fan inform\u00f3 el presidente del pa\u00eds \u00e1rabe, Abdelmadjid Tebboune.<\/p>\n<p style=\"text-align: justify;\">\u201cArgelia se unir\u00e1 el pr\u00f3ximo a\u00f1o a los BRICS\u201d, dijo Tebboune en una entrevista con la Televisi\u00f3n Nacional de Argelina.<\/p>\n<p style=\"text-align: justify;\">El Mandatario argelino se\u00f1al\u00f3 que hasta ahora la entrada de su pa\u00eds fue apoyada por Rusia, China, Sud\u00e1frica y Brasil.<\/p>\n<p style=\"text-align: justify;\">La solicitud de Argelia para adherirse al BRICS fue presentada el 7 noviembre pasado.<\/p>\n<p style=\"text-align: justify;\">La idea de incorporar nuevos miembros a los BRICS la plante\u00f3 Pek\u00edn en mayo pasado. Despu\u00e9s de eso, varios pa\u00edses, entre ellos Argentina e Ir\u00e1n, han mostrado su disposici\u00f3n a sumarse a la asociaci\u00f3n.<\/p>\n<p style=\"text-align: justify;\"><em><strong>ah\/fm<\/strong><\/em><\/p>\n","protected":false},"excerpt":{"rendered":"<p>\u201cArgelia se unir\u00e1 el pr\u00f3ximo a\u00f1o a los BRICS\u201d, dijo Tebboune en una entrevista con la Televisi\u00f3n Nacional de Argelina. Argelia, 23 dic (SANA) Argelia espera oficializar su adhesi\u00f3n al grupo BRICS (Brasil, Rusia, la India, China y Sud\u00e1frica) el pr\u00f3ximo a\u00f1o, seg\u00fan inform\u00f3 el presidente del pa\u00eds \u00e1rabe, Abdelmadjid Tebboune. \u201cArgelia se unir\u00e1 el &hellip;<\/p>\n","protected":false},"author":30,"featured_media":267180,"comment_status":"closed","ping_status":"closed","sticky":false,"template":"","format":"standard","meta":{"footnotes":""},"categories":[456,20724],"tags":[],"class_list":["post-267179","post","type-post","status-publish","format-standard","has-post-thumbnail","","category-arabe-internacional-politica","category-minuto-a-minuto"],"_links":{"self":[{"href":"https:\/\/archive.sana.sy\/es\/index.php?rest_route=\/wp\/v2\/posts\/267179"}],"collection":[{"href":"https:\/\/archive.sana.sy\/es\/index.php?rest_route=\/wp\/v2\/posts"}],"about":[{"href":"https:\/\/archive.sana.sy\/es\/index.php?rest_route=\/wp\/v2\/types\/post"}],"author":[{"embeddable":true,"href":"https:\/\/archive.sana.sy\/es\/index.php?rest_route=\/wp\/v2\/users\/30"}],"replies":[{"embeddable":true,"href":"https:\/\/archive.sana.sy\/es\/index.php?rest_route=%2Fwp%2Fv2%2Fcomments&post=267179"}],"version-history":[{"count":0,"href":"https:\/\/archive.sana.sy\/es\/index.php?rest_route=\/wp\/v2\/posts\/267179\/revisions"}],"wp:featuredmedia":[{"embeddable":true,"href":"https:\/\/archive.sana.sy\/es\/index.php?rest_route=\/wp\/v2\/media\/267180"}],"wp:attachment":[{"href":"https:\/\/archive.sana.sy\/es\/index.php?rest_route=%2Fwp%2Fv2%2Fmedia&parent=267179"}],"wp:term":[{"taxonomy":"category","embeddable":true,"href":"https:\/\/archive.sana.sy\/es\/index.php?rest_route=%2Fwp%2Fv2%2Fcategories&post=267179"},{"taxonomy":"post_tag","embeddable":true,"href":"https:\/\/archive.sana.sy\/es\/index.php?rest_route=%2Fwp%2Fv2%2Ftags&post=267179"}],"curies":[{"name":"wp","href":"https:\/\/api.w.org\/{rel}","templated":true}]}}